{"id":8339,"date":"2020-08-14T14:14:10","date_gmt":"2020-08-14T13:14:10","guid":{"rendered":"https:\/\/otthon.kaposvar.hu\/?p=8339"},"modified":"2020-08-14T14:14:10","modified_gmt":"2020-08-14T13:14:10","slug":"elektromos-buszokat-kap-kaposvar-a-zold-busz-program-kereteben","status":"publish","type":"post","link":"https:\/\/otthon.kaposvar.hu\/hu\/hirek\/elektromos-buszokat-kap-kaposvar-a-zold-busz-program-kereteben\/","title":{"rendered":"Elektromos buszokat kap Kaposv\u00e1r a Z\u00f6ld Busz Program keret\u00e9ben"},"content":{"rendered":"<p><\/p>\n<blockquote class=\"kv-page-content-blockquote\"><p><span id=\"ctl05_lbLead\">A megyei jog\u00fa v\u00e1rosok a kl\u00edmav\u00e9delem \u00e9lharcosai, id\u0151ar\u00e1nyosan m\u00e1r t\u00falteljes\u00edtett\u00e9k a sz\u00e9ndioxid-kibocs\u00e1t\u00e1s cs\u00f6kkent\u00e9s\u00e9re tett v\u00e1llal\u00e1saikat &#8211; emelte ki Szita K\u00e1roly polg\u00e1rmesterm, a Megyei Jog\u00fa V\u00e1rosok Sz\u00f6vets\u00e9g\u00e9nek eln\u00f6ke p\u00e9nteken Zalaegerszegen, a Z\u00f6ld Busz Program bejelent\u00e9sekor.<br \/>\n<\/span><\/p><\/blockquote>\n<p><span id=\"ctl05_lbBody\">Szita K\u00e1roly a korm\u00e1nyzat \u00e1ltal els\u0151sorban a nagyv\u00e1rosok sz\u00e1m\u00e1ra meghirdetet Z\u00f6ld Busz Program elnevez\u00e9s\u0171 mintaprojektj\u00e9nek p\u00e9nteki sajt\u00f3t\u00e1j\u00e9koztat\u00f3j\u00e1n besz\u00e9lt arr\u00f3l, hogy a k\u00e1rosanyag-kibocs\u00e1t\u00e1sban a t\u00f6megk\u00f6zleked\u00e9s az egyik meghat\u00e1roz\u00f3 t\u00e9nyez\u0151, ez\u00e9rt is fontos a helyi k\u00f6zleked\u00e9s z\u00f6ld\u00edt\u00e9se.<\/span><\/p>\n<p><span id=\"ctl05_lbBody\">\u00c1der J\u00e1nos k\u00f6zt\u00e1rsas\u00e1gi eln\u00f6k kezdem\u00e9nyez\u00e9s\u00e9re az MJVSZ k\u00e9t \u00e9ve csatlakozott az Under2 nemzetk\u00f6zi kl\u00edmav\u00e9delmi meg\u00e1llapod\u00e1shoz, \u00e9s a magyar nagyv\u00e1rosok m\u00e1r id\u0151ar\u00e1nyosan t\u00falteljes\u00edtett\u00e9k v\u00e1llal\u00e1saikat. Az 1990-es szinthez k\u00e9pest t\u00f6bb mint 50 sz\u00e1zal\u00e9kkal cs\u00f6kkentett\u00e9k a sz\u00e9ndioxid-kibocs\u00e1t\u00e1st, 10 \u00e9v m\u00falva pedig meg fogj\u00e1k haladni a 70 sz\u00e1zal\u00e9kos szintet, mik\u00f6zben az uni\u00f3 2050-re v\u00e1llalta a kibocs\u00e1t\u00e1s 80 sz\u00e1zal\u00e9kos cs\u00f6kkent\u00e9s\u00e9t.<\/span><\/p>\n<p><img loading=\"lazy\" class=\"alignnone size-full wp-image-8343\" src=\"https:\/\/otthon.kaposvar.hu\/wp-content\/uploads\/2020\/08\/05.jpg\" alt=\"\" width=\"2048\" height=\"1536\" srcset=\"https:\/\/otthon.kaposvar.hu\/wp-content\/uploads\/2020\/08\/05.jpg 2048w, https:\/\/otthon.kaposvar.hu\/wp-content\/uploads\/2020\/08\/05-300x225.jpg 300w, https:\/\/otthon.kaposvar.hu\/wp-content\/uploads\/2020\/08\/05-1024x768.jpg 1024w, https:\/\/otthon.kaposvar.hu\/wp-content\/uploads\/2020\/08\/05-768x576.jpg 768w, https:\/\/otthon.kaposvar.hu\/wp-content\/uploads\/2020\/08\/05-1536x1152.jpg 1536w, https:\/\/otthon.kaposvar.hu\/wp-content\/uploads\/2020\/08\/05-1920x1440.jpg 1920w\" sizes=\"(max-width: 2048px) 100vw, 2048px\" \/><\/p>\n<p><span id=\"ctl05_lbBody\">Kaposv\u00e1r polg\u00e1rmestere elmondta: a kl\u00edmav\u00e9delmi c\u00e9lok el\u00e9r\u00e9se \u00e9rdek\u00e9ben ezek a v\u00e1rosok sz\u00e1mos energiahat\u00e9konys\u00e1gi projektet ind\u00edtottak. Kaposv\u00e1r 2015-ben cser\u00e9lte le a v\u00e1rosi g\u00e1zolajos buszokat s\u0171r\u00edtett f\u00f6ldg\u00e1zmeghajt\u00e1s\u00faakra, amelyeknek 2019-ben busztelephelyet is \u00e9p\u00edtettek, ahol a j\u00e1rm\u0171vek tankol\u00e1sa \u00e9s szervizel\u00e9se is megoldott lett. A kaposv\u00e1ri p\u00e9ld\u00e1hoz hasonl\u00f3an az orsz\u00e1gban t\u00f6bb helyen is lecser\u00e9lik a d\u00edzel\u00fczem\u0171 buszokat s\u0171r\u00edtett f\u00f6ldg\u00e1zzal vagy elektromos meghajt\u00e1ssal m\u0171k\u00f6d\u0151 j\u00e1rm\u0171vekre. De a hazai nagyv\u00e1rosok meg\u00fajul\u00f3 energi\u00e1t is termelnek p\u00e9ld\u00e1ul naper\u0151m\u0171vekkel &#8211; mint Kaposv\u00e1ron, ahol \u0151sszel adj\u00e1k \u00e1t K\u00f6z\u00e9p-Eur\u00f3pa legnagyobb naper\u0151m\u0171parkj\u00e1t, de egy kisebb m\u00e1r m\u0171k\u00f6dik az aut\u00f3busztelephely mellett. A polg\u00e1rmester hozz\u00e1tetet: sz\u00e1mos int\u00e9zm\u00e9ny energiahat\u00e9konys\u00e1gi fel\u00faj\u00edt\u00e1s\u00e1t is elv\u00e9gezt\u00e9k. Mindezek legf\u0151bb eredm\u00e9nye az, hogy ha nem szennyezz\u00fck a k\u00f6rnyezetet, eg\u00e9szs\u00e9gesebben \u00e9lhet\u00fcnk &#8211; jegyezte meg Szita K\u00e1roly.<\/span><\/p>\n<p><img loading=\"lazy\" class=\"alignnone size-full wp-image-8342\" src=\"https:\/\/otthon.kaposvar.hu\/wp-content\/uploads\/2020\/08\/04-1.jpg\" alt=\"\" width=\"2048\" height=\"1536\" srcset=\"https:\/\/otthon.kaposvar.hu\/wp-content\/uploads\/2020\/08\/04-1.jpg 2048w, https:\/\/otthon.kaposvar.hu\/wp-content\/uploads\/2020\/08\/04-1-300x225.jpg 300w, https:\/\/otthon.kaposvar.hu\/wp-content\/uploads\/2020\/08\/04-1-1024x768.jpg 1024w, https:\/\/otthon.kaposvar.hu\/wp-content\/uploads\/2020\/08\/04-1-768x576.jpg 768w, https:\/\/otthon.kaposvar.hu\/wp-content\/uploads\/2020\/08\/04-1-1536x1152.jpg 1536w, https:\/\/otthon.kaposvar.hu\/wp-content\/uploads\/2020\/08\/04-1-1920x1440.jpg 1920w\" sizes=\"(max-width: 2048px) 100vw, 2048px\" \/><\/p>\n<p>A Z\u00f6ld Busz Programban a <span id=\"ctl05_lbLead\">k\u00f6vetkez\u0151 t\u00edz \u00e9v alatt a v\u00e1rosi busz\u00e1llom\u00e1ny fele cser\u00e9lhet\u0151 le korm\u00e1nyzati \u00e9s eur\u00f3pai uni\u00f3s forr\u00e1sok felhaszn\u00e1l\u00e1s\u00e1val minim\u00e1lis karbonkibocs\u00e1t\u00e1s\u00fa elektromos aut\u00f3buszokra &#8211; k\u00f6z\u00f6lte Zalaegerszegen Palkovics L\u00e1szl\u00f3, az innov\u00e1ci\u00f3s \u00e9s technol\u00f3giai miniszter, aki a megyei jog\u00fa v\u00e1rosok sz\u00e1m\u00e1ra meghirdetett program kapcs\u00e1n kiemelte: <span id=\"ctl05_lbBody\">a k\u00f6zleked\u00e9s, mint a legnagyobb szennyez\u0151anyag-kibocs\u00e1t\u00f3 \u00e1gazat z\u00f6ld\u00edt\u00e9se alapvet\u0151 eleme annak, hogy teljes\u00fclj\u00f6n a p\u00e1rizsi kl\u00edmameg\u00e1llapod\u00e1snak megfelel\u0151 v\u00e1llal\u00e1s, az Eur\u00f3pai Uni\u00f3 \u00e9s \u00edgy Magyarorsz\u00e1g is kl\u00edmasemlegess\u00e9 v\u00e1ljon 2050-ig.<\/span><\/span><\/p>\n<p><span id=\"ctl05_lbLead\"><span id=\"ctl05_lbBody\"><img loading=\"lazy\" class=\"alignnone size-full wp-image-8341\" src=\"https:\/\/otthon.kaposvar.hu\/wp-content\/uploads\/2020\/08\/03-1-scaled.jpg\" alt=\"\" width=\"2560\" height=\"1707\" srcset=\"https:\/\/otthon.kaposvar.hu\/wp-content\/uploads\/2020\/08\/03-1-scaled.jpg 2560w, https:\/\/otthon.kaposvar.hu\/wp-content\/uploads\/2020\/08\/03-1-300x200.jpg 300w, https:\/\/otthon.kaposvar.hu\/wp-content\/uploads\/2020\/08\/03-1-1024x683.jpg 1024w, https:\/\/otthon.kaposvar.hu\/wp-content\/uploads\/2020\/08\/03-1-768x512.jpg 768w, https:\/\/otthon.kaposvar.hu\/wp-content\/uploads\/2020\/08\/03-1-1536x1024.jpg 1536w, https:\/\/otthon.kaposvar.hu\/wp-content\/uploads\/2020\/08\/03-1-2048x1365.jpg 2048w, https:\/\/otthon.kaposvar.hu\/wp-content\/uploads\/2020\/08\/03-1-1920x1280.jpg 1920w\" sizes=\"(max-width: 2560px) 100vw, 2560px\" \/><br \/>\nA magyar korm\u00e1ny hat\u00e1rozata alapj\u00e1n 2022-t\u0151l a 25 ezer lakos\u00fan\u00e1l nagyobb v\u00e1rosokban m\u00e1r csak emisszi\u00f3mentes aut\u00f3buszokat lehet \u00fczembe helyezni, ezek beszerz\u00e9s\u00e9t a korm\u00e1ny anyagilag is t\u00e1mogatja. A miniszter kifejtette: az EU v\u00e1llalta, hogy az 1990-es szinthez k\u00e9pest 80-95 sz\u00e1zal\u00e9kkal cs\u00f6kkenti a sz\u00e9ndioxid-kibocs\u00e1t\u00e1st. Ebben Magyarorsz\u00e1g kifejezetten j\u00f3l \u00e1ll &#8211; uni\u00f3s szinten a kilencedik &#8211; azzal, hogy tavaly \u00e9v v\u00e9g\u00e9ig 32 sz\u00e1zal\u00e9kkal cs\u00f6kkentette a kibocs\u00e1t\u00e1st mik\u00f6zben a gazdas\u00e1g jelent\u0151sen n\u0151tt.<\/span><\/span><\/p>\n<p><span id=\"ctl05_lbBody\">Id\u00e9n fogadta el a parlament a kl\u00edmav\u00e9delemr\u0151l sz\u00f3l\u00f3 t\u00f6rv\u00e9nyt, a korm\u00e1ny bejelentette kl\u00edma- \u00e9s term\u00e9szetv\u00e9delmi akci\u00f3terv\u00e9t, ezek tartalmazz\u00e1k a k\u00f6zleked\u00e9s z\u00f6ld\u00edt\u00e9s\u00e9t. Az alacsony vagy nulla kibocs\u00e1t\u00e1s\u00fa elektromos buszok haszn\u00e1lata mellett a korm\u00e1ny t\u00e1mogatja a tiszt\u00e1n elektromos meghajt\u00e1s\u00fa szem\u00e9lyg\u00e9pkocsik v\u00e1s\u00e1rl\u00e1s\u00e1t is. \u00a0A korm\u00e1ny 10 \u00e9v alatt 36 milli\u00e1rd forint t\u00e1mogat\u00e1st biztos\u00edt elektromos meghajt\u00e1s\u00fa aut\u00f3buszok v\u00e1s\u00e1rl\u00e1s\u00e1ra, az eredetileg tervezett 20 sz\u00e1zal\u00e9kos t\u00e1mogat\u00e1sn\u00e1l ak\u00e1r nagyobb m\u00e9rt\u00e9k\u0171 hozz\u00e1j\u00e1rul\u00e1ssal is. A k\u00f6vetkez\u0151 eur\u00f3pai uni\u00f3s k\u00f6lts\u00e9gvet\u00e9si id\u0151szakban c\u00e9lzottan is nagyobb \u00f6sszeget kap a k\u00f6zleked\u00e9s z\u00f6ld\u00edt\u00e9se, ami a hazai korm\u00e1nyzati t\u00e1mogat\u00e1ssal egy\u00fctt lehet\u0151v\u00e9 teszi, hogy 10 \u00e9v alatt a magyar busz\u00e1llom\u00e1ny fel\u00e9t le lehet cser\u00e9lni.<br \/>\n<\/span><\/p>\n<p><span id=\"ctl05_lbBody\">A Z\u00f6ld Busz Programnak az is c\u00e9lja, hogy meger\u0151s\u00edts\u00e9k a magyarorsz\u00e1gi buszgy\u00e1rt\u00e1st, szeretn\u00e9k el\u00e9rni, hogy a gy\u00e1rt\u00e1sban el\u00e9rje vagy meghaladja a 60 sz\u00e1zal\u00e9kot a hazai r\u00e9szar\u00e1ny. Erre min\u0151s\u00edtett buszgy\u00e1rt\u00f3i k\u00f6rt is l\u00e9trehoznak, amelynek p\u00e1ly\u00e1zat\u00e1ra j\u00falius v\u00e9g\u00e9ig nyolc hazai \u00e9s k\u00fclf\u00f6ldi gy\u00e1rt\u00f3 jelentkezett &#8211; fejtette ki a miniszter.<br \/>\n<\/span><\/p>\n<p><span id=\"ctl05_lbBody\">Kaderj\u00e1k P\u00e9ter, az ITM energia- \u00e9s kl\u00edmapolitik\u00e1\u00e9rt felel\u0151s \u00e1llamtitk\u00e1ra arr\u00f3l sz\u00e1molt be, hogy a nyolc magyar v\u00e1rossal \u00e9s egy r\u00e9gi\u00f3val most indul\u00f3 programban 800-800 milli\u00f3 forintot biztos\u00edtanak Debrecen, Kaposv\u00e1r, Kecskem\u00e9t, B\u00e9k\u00e9scsaba, Sz\u00e9kesfeh\u00e9rv\u00e1r, Esztergom, Zalaegerszeg, Ny\u00edregyh\u00e1za, valamint a M\u00e1trai H\u0151er\u0151m\u0171 t\u00e9rs\u00e9g\u00e9ben a z\u00f6ldbuszos mintaprojekt elind\u00edt\u00e1s\u00e1ra, illetve buszok beszerz\u00e9s\u00e9re. Debrecennel a meg\u00e1llapod\u00e1st m\u00e1r al\u00e1\u00edrt\u00e1k legal\u00e1bb 12 elektromos busz megv\u00e1s\u00e1rl\u00e1s\u00e1ra.<\/span><\/p>\n<p><span id=\"ctl05_lbBody\">Kaderj\u00e1k P\u00e9ter k\u00f6z\u00f6lte: Z\u00f6ld Busz Program 2020-21-es forr\u00e1saira okt\u00f3ber 15-\u00e9n \u00edrnak ki 4,2 milli\u00e1rd forint keret\u00f6sszeg\u0171 p\u00e1ly\u00e1zatot, amellyel elektromos meghajt\u00e1s\u00fa buszok beszerz\u00e9s\u00e9hez nyerhetnek t\u00e1mogat\u00e1st \u00f6nkorm\u00e1nyzatok \u00e9s a helyi k\u00f6zleked\u00e9st biztos\u00edt\u00f3 k\u00f6zszolg\u00e1ltat\u00f3k.<\/span><\/p>\n<p>\/Forr\u00e1s: MTI ; Fot\u00f3k: MTI\/Kaposv\u00e1r MJV\u00a0 V\u00e1ros\u00fczemeltet\u00e9si \u00e9s K\u00f6rnyezetfejleszt\u00e9si Igazgat\u00f3s\u00e1g\/<\/p>\n<p><\/p>","protected":false},"excerpt":{"rendered":"<p>A megyei jog\u00fa v\u00e1rosok a kl\u00edmav\u00e9delem \u00e9lharcosai, id\u0151ar\u00e1nyosan m\u00e1r t\u00falteljes\u00edtett\u00e9k a sz\u00e9ndioxid-kibocs\u00e1t\u00e1s cs\u00f6kkent\u00e9s\u00e9re tett v\u00e1llal\u00e1saikat &#8211; emelte ki Szita K\u00e1roly polg\u00e1rmesterm, a Megyei Jog\u00fa V\u00e1rosok Sz\u00f6vets\u00e9g\u00e9nek eln\u00f6ke p\u00e9nteken Zalaegerszegen, a Z\u00f6ld Busz Program bejelent\u00e9sekor. Szita K\u00e1roly a korm\u00e1nyzat \u00e1ltal els\u0151sorban a nagyv\u00e1rosok sz\u00e1m\u00e1ra meghirdetet Z\u00f6ld Busz Program elnevez\u00e9s\u0171 mintaprojektj\u00e9nek p\u00e9nteki sajt\u00f3t\u00e1j\u00e9koztat\u00f3j\u00e1n besz\u00e9lt arr\u00f3l, hogy a [&hellip;]<\/p>\n","protected":false},"author":17,"featured_media":8340,"comment_status":"closed","ping_status":"closed","sticky":false,"template":"","format":"standard","meta":[],"categories":[3],"tags":[],"acf":[],"yoast_head":"<!-- This site is optimized with the Yoast SEO plugin v19.8 - https:\/\/yoast.com\/wordpress\/plugins\/seo\/ -->\n<title>Elektromos buszokat kap Kaposv\u00e1r a Z\u00f6ld Busz Program keret\u00e9ben - Kaposv\u00e1r Megyei Jog\u00fa V\u00e1ros<\/title>\n<meta name=\"robots\" content=\"index, follow, max-snippet:-1, max-image-preview:large, max-video-preview:-1\" \/>\n<link rel=\"canonical\" href=\"https:\/\/otthon.kaposvar.hu\/hu\/hirek\/elektromos-buszokat-kap-kaposvar-a-zold-busz-program-kereteben\/\" \/>\n<meta property=\"og:locale\" content=\"hu_HU\" \/>\n<meta property=\"og:type\" content=\"article\" \/>\n<meta property=\"og:title\" content=\"Elektromos buszokat kap Kaposv\u00e1r a Z\u00f6ld Busz Program keret\u00e9ben - Kaposv\u00e1r Megyei Jog\u00fa V\u00e1ros\" \/>\n<meta property=\"og:description\" content=\"A megyei jog\u00fa v\u00e1rosok a kl\u00edmav\u00e9delem \u00e9lharcosai, id\u0151ar\u00e1nyosan m\u00e1r t\u00falteljes\u00edtett\u00e9k a sz\u00e9ndioxid-kibocs\u00e1t\u00e1s cs\u00f6kkent\u00e9s\u00e9re tett v\u00e1llal\u00e1saikat &#8211; emelte ki Szita K\u00e1roly polg\u00e1rmesterm, a Megyei Jog\u00fa V\u00e1rosok Sz\u00f6vets\u00e9g\u00e9nek eln\u00f6ke p\u00e9nteken Zalaegerszegen, a Z\u00f6ld Busz Program bejelent\u00e9sekor. Szita K\u00e1roly a korm\u00e1nyzat \u00e1ltal els\u0151sorban a nagyv\u00e1rosok sz\u00e1m\u00e1ra meghirdetet Z\u00f6ld Busz Program elnevez\u00e9s\u0171 mintaprojektj\u00e9nek p\u00e9nteki sajt\u00f3t\u00e1j\u00e9koztat\u00f3j\u00e1n besz\u00e9lt arr\u00f3l, hogy a [&hellip;]\" \/>\n<meta property=\"og:url\" content=\"https:\/\/otthon.kaposvar.hu\/hu\/hirek\/elektromos-buszokat-kap-kaposvar-a-zold-busz-program-kereteben\/\" \/>\n<meta property=\"og:site_name\" content=\"Kaposv\u00e1r Megyei Jog\u00fa V\u00e1ros\" \/>\n<meta property=\"article:publisher\" content=\"https:\/\/www.facebook.com\/cityofkaposvar\/\" \/>\n<meta property=\"article:published_time\" content=\"2020-08-14T13:14:10+00:00\" \/>\n<meta property=\"og:image\" content=\"https:\/\/otthon.kaposvar.hu\/wp-content\/uploads\/2020\/08\/02-1-scaled.jpg\" \/>\n\t<meta property=\"og:image:width\" content=\"2560\" \/>\n\t<meta property=\"og:image:height\" content=\"1707\" \/>\n\t<meta property=\"og:image:type\" content=\"image\/jpeg\" \/>\n<meta name=\"author\" content=\"kaposvarsajto\" \/>\n<meta name=\"twitter:card\" content=\"summary_large_image\" \/>\n<meta name=\"twitter:label1\" content=\"Szerz\u0151:\" \/>\n\t<meta name=\"twitter:data1\" content=\"kaposvarsajto\" \/>\n\t<meta name=\"twitter:label2\" content=\"Becs\u00fclt olvas\u00e1si id\u0151\" \/>\n\t<meta name=\"twitter:data2\" content=\"5 perc\" \/>\n<script type=\"application\/ld+json\" class=\"yoast-schema-graph\">{\"@context\":\"https:\/\/schema.org\",\"@graph\":[{\"@type\":\"Article\",\"@id\":\"https:\/\/otthon.kaposvar.hu\/hu\/hirek\/elektromos-buszokat-kap-kaposvar-a-zold-busz-program-kereteben\/#article\",\"isPartOf\":{\"@id\":\"https:\/\/otthon.kaposvar.hu\/hu\/hirek\/elektromos-buszokat-kap-kaposvar-a-zold-busz-program-kereteben\/\"},\"author\":{\"name\":\"kaposvarsajto\",\"@id\":\"https:\/\/otthon.kaposvar.hu\/hu\/#\/schema\/person\/cca27180656f8017557a44cdd66a6abd\"},\"headline\":\"Elektromos buszokat kap Kaposv\u00e1r a Z\u00f6ld Busz Program keret\u00e9ben\",\"datePublished\":\"2020-08-14T13:14:10+00:00\",\"dateModified\":\"2020-08-14T13:14:10+00:00\",\"mainEntityOfPage\":{\"@id\":\"https:\/\/otthon.kaposvar.hu\/hu\/hirek\/elektromos-buszokat-kap-kaposvar-a-zold-busz-program-kereteben\/\"},\"wordCount\":1081,\"publisher\":{\"@id\":\"https:\/\/otthon.kaposvar.hu\/hu\/#organization\"},\"articleSection\":[\"H\u00edrek\"],\"inLanguage\":\"hu\"},{\"@type\":\"WebPage\",\"@id\":\"https:\/\/otthon.kaposvar.hu\/hu\/hirek\/elektromos-buszokat-kap-kaposvar-a-zold-busz-program-kereteben\/\",\"url\":\"https:\/\/otthon.kaposvar.hu\/hu\/hirek\/elektromos-buszokat-kap-kaposvar-a-zold-busz-program-kereteben\/\",\"name\":\"Elektromos buszokat kap Kaposv\u00e1r a Z\u00f6ld Busz Program keret\u00e9ben - Kaposv\u00e1r Megyei Jog\u00fa V\u00e1ros\",\"isPartOf\":{\"@id\":\"https:\/\/otthon.kaposvar.hu\/hu\/#website\"},\"datePublished\":\"2020-08-14T13:14:10+00:00\",\"dateModified\":\"2020-08-14T13:14:10+00:00\",\"breadcrumb\":{\"@id\":\"https:\/\/otthon.kaposvar.hu\/hu\/hirek\/elektromos-buszokat-kap-kaposvar-a-zold-busz-program-kereteben\/#breadcrumb\"},\"inLanguage\":\"hu\",\"potentialAction\":[{\"@type\":\"ReadAction\",\"target\":[[\"https:\/\/otthon.kaposvar.hu\/hu\/hirek\/elektromos-buszokat-kap-kaposvar-a-zold-busz-program-kereteben\/\"]]}]},{\"@type\":\"BreadcrumbList\",\"@id\":\"https:\/\/otthon.kaposvar.hu\/hu\/hirek\/elektromos-buszokat-kap-kaposvar-a-zold-busz-program-kereteben\/#breadcrumb\",\"itemListElement\":[{\"@type\":\"ListItem\",\"position\":1,\"name\":\"Home\",\"item\":\"https:\/\/otthon.kaposvar.hu\/hu\/\"},{\"@type\":\"ListItem\",\"position\":2,\"name\":\"Elektromos buszokat kap Kaposv\u00e1r a Z\u00f6ld Busz Program keret\u00e9ben\"}]},{\"@type\":\"WebSite\",\"@id\":\"https:\/\/otthon.kaposvar.hu\/hu\/#website\",\"url\":\"https:\/\/otthon.kaposvar.hu\/hu\/\",\"name\":\"Kaposv\u00e1r Megyei Jog\u00fa V\u00e1ros\",\"description\":\"\",\"publisher\":{\"@id\":\"https:\/\/otthon.kaposvar.hu\/hu\/#organization\"},\"potentialAction\":[{\"@type\":\"SearchAction\",\"target\":{\"@type\":\"EntryPoint\",\"urlTemplate\":\"https:\/\/otthon.kaposvar.hu\/hu\/?s={search_term_string}\"},\"query-input\":\"required name=search_term_string\"}],\"inLanguage\":\"hu\"},{\"@type\":\"Organization\",\"@id\":\"https:\/\/otthon.kaposvar.hu\/hu\/#organization\",\"name\":\"Kaposv\u00e1r Megyei Jog\u00fa V\u00e1ros\",\"url\":\"https:\/\/otthon.kaposvar.hu\/hu\/\",\"sameAs\":[\"https:\/\/www.instagram.com\/cityofkaposvar\/\",\"https:\/\/www.facebook.com\/cityofkaposvar\/\"],\"logo\":{\"@type\":\"ImageObject\",\"inLanguage\":\"hu\",\"@id\":\"https:\/\/otthon.kaposvar.hu\/hu\/#\/schema\/logo\/image\/\",\"url\":\"https:\/\/otthon.kaposvar.hu\/wp-content\/uploads\/2021\/10\/kaposvar_social.jpg\",\"contentUrl\":\"https:\/\/otthon.kaposvar.hu\/wp-content\/uploads\/2021\/10\/kaposvar_social.jpg\",\"width\":1200,\"height\":900,\"caption\":\"Kaposv\u00e1r Megyei Jog\u00fa V\u00e1ros\"},\"image\":{\"@id\":\"https:\/\/otthon.kaposvar.hu\/hu\/#\/schema\/logo\/image\/\"}},{\"@type\":\"Person\",\"@id\":\"https:\/\/otthon.kaposvar.hu\/hu\/#\/schema\/person\/cca27180656f8017557a44cdd66a6abd\",\"name\":\"kaposvarsajto\",\"image\":{\"@type\":\"ImageObject\",\"inLanguage\":\"hu\",\"@id\":\"https:\/\/otthon.kaposvar.hu\/hu\/#\/schema\/person\/image\/\",\"url\":\"https:\/\/secure.gravatar.com\/avatar\/e1f53300c4f0fc7bbcf58af47dd14808?s=96&d=mm&r=g\",\"contentUrl\":\"https:\/\/secure.gravatar.com\/avatar\/e1f53300c4f0fc7bbcf58af47dd14808?s=96&d=mm&r=g\",\"caption\":\"kaposvarsajto\"}}]}<\/script>\n<!-- \/ Yoast SEO plugin. -->","yoast_head_json":{"title":"Elektromos buszokat kap Kaposv\u00e1r a Z\u00f6ld Busz Program keret\u00e9ben - Kaposv\u00e1r Megyei Jog\u00fa V\u00e1ros","robots":{"index":"index","follow":"follow","max-snippet":"max-snippet:-1","max-image-preview":"max-image-preview:large","max-video-preview":"max-video-preview:-1"},"canonical":"https:\/\/otthon.kaposvar.hu\/hu\/hirek\/elektromos-buszokat-kap-kaposvar-a-zold-busz-program-kereteben\/","og_locale":"hu_HU","og_type":"article","og_title":"Elektromos buszokat kap Kaposv\u00e1r a Z\u00f6ld Busz Program keret\u00e9ben - Kaposv\u00e1r Megyei Jog\u00fa V\u00e1ros","og_description":"A megyei jog\u00fa v\u00e1rosok a kl\u00edmav\u00e9delem \u00e9lharcosai, id\u0151ar\u00e1nyosan m\u00e1r t\u00falteljes\u00edtett\u00e9k a sz\u00e9ndioxid-kibocs\u00e1t\u00e1s cs\u00f6kkent\u00e9s\u00e9re tett v\u00e1llal\u00e1saikat &#8211; emelte ki Szita K\u00e1roly polg\u00e1rmesterm, a Megyei Jog\u00fa V\u00e1rosok Sz\u00f6vets\u00e9g\u00e9nek eln\u00f6ke p\u00e9nteken Zalaegerszegen, a Z\u00f6ld Busz Program bejelent\u00e9sekor. Szita K\u00e1roly a korm\u00e1nyzat \u00e1ltal els\u0151sorban a nagyv\u00e1rosok sz\u00e1m\u00e1ra meghirdetet Z\u00f6ld Busz Program elnevez\u00e9s\u0171 mintaprojektj\u00e9nek p\u00e9nteki sajt\u00f3t\u00e1j\u00e9koztat\u00f3j\u00e1n besz\u00e9lt arr\u00f3l, hogy a [&hellip;]","og_url":"https:\/\/otthon.kaposvar.hu\/hu\/hirek\/elektromos-buszokat-kap-kaposvar-a-zold-busz-program-kereteben\/","og_site_name":"Kaposv\u00e1r Megyei Jog\u00fa V\u00e1ros","article_publisher":"https:\/\/www.facebook.com\/cityofkaposvar\/","article_published_time":"2020-08-14T13:14:10+00:00","og_image":[{"width":2560,"height":1707,"url":"https:\/\/otthon.kaposvar.hu\/wp-content\/uploads\/2020\/08\/02-1-scaled.jpg","type":"image\/jpeg"}],"author":"kaposvarsajto","twitter_card":"summary_large_image","twitter_misc":{"Szerz\u0151:":"kaposvarsajto","Becs\u00fclt olvas\u00e1si id\u0151":"5 perc"},"schema":{"@context":"https:\/\/schema.org","@graph":[{"@type":"Article","@id":"https:\/\/otthon.kaposvar.hu\/hu\/hirek\/elektromos-buszokat-kap-kaposvar-a-zold-busz-program-kereteben\/#article","isPartOf":{"@id":"https:\/\/otthon.kaposvar.hu\/hu\/hirek\/elektromos-buszokat-kap-kaposvar-a-zold-busz-program-kereteben\/"},"author":{"name":"kaposvarsajto","@id":"https:\/\/otthon.kaposvar.hu\/hu\/#\/schema\/person\/cca27180656f8017557a44cdd66a6abd"},"headline":"Elektromos buszokat kap Kaposv\u00e1r a Z\u00f6ld Busz Program keret\u00e9ben","datePublished":"2020-08-14T13:14:10+00:00","dateModified":"2020-08-14T13:14:10+00:00","mainEntityOfPage":{"@id":"https:\/\/otthon.kaposvar.hu\/hu\/hirek\/elektromos-buszokat-kap-kaposvar-a-zold-busz-program-kereteben\/"},"wordCount":1081,"publisher":{"@id":"https:\/\/otthon.kaposvar.hu\/hu\/#organization"},"articleSection":["H\u00edrek"],"inLanguage":"hu"},{"@type":"WebPage","@id":"https:\/\/otthon.kaposvar.hu\/hu\/hirek\/elektromos-buszokat-kap-kaposvar-a-zold-busz-program-kereteben\/","url":"https:\/\/otthon.kaposvar.hu\/hu\/hirek\/elektromos-buszokat-kap-kaposvar-a-zold-busz-program-kereteben\/","name":"Elektromos buszokat kap Kaposv\u00e1r a Z\u00f6ld Busz Program keret\u00e9ben - Kaposv\u00e1r Megyei Jog\u00fa V\u00e1ros","isPartOf":{"@id":"https:\/\/otthon.kaposvar.hu\/hu\/#website"},"datePublished":"2020-08-14T13:14:10+00:00","dateModified":"2020-08-14T13:14:10+00:00","breadcrumb":{"@id":"https:\/\/otthon.kaposvar.hu\/hu\/hirek\/elektromos-buszokat-kap-kaposvar-a-zold-busz-program-kereteben\/#breadcrumb"},"inLanguage":"hu","potentialAction":[{"@type":"ReadAction","target":[["https:\/\/otthon.kaposvar.hu\/hu\/hirek\/elektromos-buszokat-kap-kaposvar-a-zold-busz-program-kereteben\/"]]}]},{"@type":"BreadcrumbList","@id":"https:\/\/otthon.kaposvar.hu\/hu\/hirek\/elektromos-buszokat-kap-kaposvar-a-zold-busz-program-kereteben\/#breadcrumb","itemListElement":[{"@type":"ListItem","position":1,"name":"Home","item":"https:\/\/otthon.kaposvar.hu\/hu\/"},{"@type":"ListItem","position":2,"name":"Elektromos buszokat kap Kaposv\u00e1r a Z\u00f6ld Busz Program keret\u00e9ben"}]},{"@type":"WebSite","@id":"https:\/\/otthon.kaposvar.hu\/hu\/#website","url":"https:\/\/otthon.kaposvar.hu\/hu\/","name":"Kaposv\u00e1r Megyei Jog\u00fa V\u00e1ros","description":"","publisher":{"@id":"https:\/\/otthon.kaposvar.hu\/hu\/#organization"},"potentialAction":[{"@type":"SearchAction","target":{"@type":"EntryPoint","urlTemplate":"https:\/\/otthon.kaposvar.hu\/hu\/?s={search_term_string}"},"query-input":"required name=search_term_string"}],"inLanguage":"hu"},{"@type":"Organization","@id":"https:\/\/otthon.kaposvar.hu\/hu\/#organization","name":"Kaposv\u00e1r Megyei Jog\u00fa V\u00e1ros","url":"https:\/\/otthon.kaposvar.hu\/hu\/","sameAs":["https:\/\/www.instagram.com\/cityofkaposvar\/","https:\/\/www.facebook.com\/cityofkaposvar\/"],"logo":{"@type":"ImageObject","inLanguage":"hu","@id":"https:\/\/otthon.kaposvar.hu\/hu\/#\/schema\/logo\/image\/","url":"https:\/\/otthon.kaposvar.hu\/wp-content\/uploads\/2021\/10\/kaposvar_social.jpg","contentUrl":"https:\/\/otthon.kaposvar.hu\/wp-content\/uploads\/2021\/10\/kaposvar_social.jpg","width":1200,"height":900,"caption":"Kaposv\u00e1r Megyei Jog\u00fa V\u00e1ros"},"image":{"@id":"https:\/\/otthon.kaposvar.hu\/hu\/#\/schema\/logo\/image\/"}},{"@type":"Person","@id":"https:\/\/otthon.kaposvar.hu\/hu\/#\/schema\/person\/cca27180656f8017557a44cdd66a6abd","name":"kaposvarsajto","image":{"@type":"ImageObject","inLanguage":"hu","@id":"https:\/\/otthon.kaposvar.hu\/hu\/#\/schema\/person\/image\/","url":"https:\/\/secure.gravatar.com\/avatar\/e1f53300c4f0fc7bbcf58af47dd14808?s=96&d=mm&r=g","contentUrl":"https:\/\/secure.gravatar.com\/avatar\/e1f53300c4f0fc7bbcf58af47dd14808?s=96&d=mm&r=g","caption":"kaposvarsajto"}}]}},"_links":{"self":[{"href":"https:\/\/otthon.kaposvar.hu\/hu\/wp-json\/wp\/v2\/posts\/8339"}],"collection":[{"href":"https:\/\/otthon.kaposvar.hu\/hu\/wp-json\/wp\/v2\/posts"}],"about":[{"href":"https:\/\/otthon.kaposvar.hu\/hu\/wp-json\/wp\/v2\/types\/post"}],"author":[{"embeddable":true,"href":"https:\/\/otthon.kaposvar.hu\/hu\/wp-json\/wp\/v2\/users\/17"}],"replies":[{"embeddable":true,"href":"https:\/\/otthon.kaposvar.hu\/hu\/wp-json\/wp\/v2\/comments?post=8339"}],"version-history":[{"count":0,"href":"https:\/\/otthon.kaposvar.hu\/hu\/wp-json\/wp\/v2\/posts\/8339\/revisions"}],"wp:featuredmedia":[{"embeddable":true,"href":"https:\/\/otthon.kaposvar.hu\/hu\/wp-json\/wp\/v2\/media\/8340"}],"wp:attachment":[{"href":"https:\/\/otthon.kaposvar.hu\/hu\/wp-json\/wp\/v2\/media?parent=8339"}],"wp:term":[{"taxonomy":"category","embeddable":true,"href":"https:\/\/otthon.kaposvar.hu\/hu\/wp-json\/wp\/v2\/categories?post=8339"},{"taxonomy":"post_tag","embeddable":true,"href":"https:\/\/otthon.kaposvar.hu\/hu\/wp-json\/wp\/v2\/tags?post=8339"}],"curies":[{"name":"wp","href":"https:\/\/api.w.org\/{rel}","templated":true}]}}