{"id":3489,"date":"2017-09-05T10:33:38","date_gmt":"2017-09-05T09:33:38","guid":{"rendered":"https:\/\/otthon.kaposvar.hu\/?p=3489"},"modified":"2023-03-02T14:23:15","modified_gmt":"2023-03-02T13:23:15","slug":"gyarapodo-kaposvar","status":"publish","type":"post","link":"https:\/\/otthon.kaposvar.hu\/hu\/fejlodes\/gyarapodo-kaposvar\/","title":{"rendered":"Gyarapod\u00f3 Kaposv\u00e1r"},"content":{"rendered":"<p><\/p>\n<h2 class=\"kv-page-content-paragraph kv-page-content-title\">Kedves \u00c9desany\u00e1k \u00e9s \u00c9desap\u00e1k, csal\u00e1dot tervez\u0151 Kaposv\u00e1riak!<\/h2>\n<p class=\"kv-page-content-paragraph\"><em>\u00daj t\u00e1mogat\u00e1si programot ind\u00edtunk a gyarapod\u00f3 Kaposv\u00e1r\u00e9rt.<\/em><\/p>\n<p class=\"kv-page-content-paragraph\">Tudjuk j\u00f3l, hogy ma Magyarorsz\u00e1gon a fiatalok t\u00f6bb gyermeket terveznek, mint ah\u00e1nyan v\u00e9g\u00fcl meg is sz\u00fcletnek.<\/p>\n<p class=\"kv-page-content-paragraph\">A n\u00e9pess\u00e9gfogy\u00e1s oka teh\u00e1t nem az, hogy al\u00e1bbhagyott volna a gyermekv\u00e1llal\u00e1si kedv, sokkal ink\u00e1bb az, hogy a leend\u0151 \u00e9desany\u00e1k \u00e9s \u00e9desap\u00e1k gyakran \u00fagy \u00e9rzik, nem lenn\u00e9nek k\u00e9pesek mindazt megadni gyermek\u00fcknek, amit szeretn\u00e9nek.<\/p>\n<p class=\"kv-page-content-paragraph\">B\u00e1r egy \u00f6nkorm\u00e1nyzat nyilv\u00e1n nem sz\u00f3lhat bele a fiatalok \u00e9let\u00e9be, gyermekv\u00e1llal\u00e1si terveibe, \u00e1m sokat tehet az\u00e9rt, hogy a ma m\u00e9g csak v\u00e1gyott gyermekek vil\u00e1gra is j\u00f6jjenek. Seg\u00edthet\u00fcnk a biztons\u00e1got ny\u00fajt\u00f3 otthon \u00e9s munkahely megteremt\u00e9s\u00e9ben, s k\u00f6z\u00f6s munk\u00e1val m\u00e9g \u00e9lhet\u0151bb\u00e9 tehetj\u00fck v\u00e1rosunkat. Ezek azok a f\u0151 szempontok, amelyek minden csal\u00e1d sz\u00e1m\u00e1ra fontosak, vagyis ezek megl\u00e9t\u00e9hez szeretn\u00e9nk seg\u00edts\u00e9get ny\u00fajtani.<\/p>\n<p class=\"kv-page-content-paragraph\">A j\u00f6v\u0151ben ez\u00e9rt mindh\u00e1rom ter\u00fcleten \u00fajabb forr\u00e1sokat biztos\u00edtunk, \u00e9vi mintegy sz\u00e1zmilli\u00f3 forintot k\u00fcl\u00f6n\u00edt\u00fcnk el, hogy egyre t\u00f6bben l\u00e1thass\u00e1k meg a napvil\u00e1got v\u00e1rosunkban, s hogy a kaposv\u00e1riak nagy k\u00f6z\u00f6ss\u00e9ge tov\u00e1bb gyarapodhasson.<\/p>\n<p class=\"kv-page-content-paragraph\">Tisztelettel:<\/p>\n<p><img loading=\"lazy\" class=\"wp-image-1511 alignleft\" src=\"https:\/\/otthon.kaposvar.hu\/wp-content\/uploads\/2017\/05\/Polg\u00e1rmesteri-k\u00f6sz\u00f6nt\u0151-al\u00e1\u00edr\u00e1s-1.jpg\" alt=\"\" width=\"129\" height=\"53\" srcset=\"https:\/\/otthon.kaposvar.hu\/wp-content\/uploads\/2017\/05\/Polg\u00e1rmesteri-k\u00f6sz\u00f6nt\u0151-al\u00e1\u00edr\u00e1s-1.jpg 820w, https:\/\/otthon.kaposvar.hu\/wp-content\/uploads\/2017\/05\/Polg\u00e1rmesteri-k\u00f6sz\u00f6nt\u0151-al\u00e1\u00edr\u00e1s-1-300x123.jpg 300w, https:\/\/otthon.kaposvar.hu\/wp-content\/uploads\/2017\/05\/Polg\u00e1rmesteri-k\u00f6sz\u00f6nt\u0151-al\u00e1\u00edr\u00e1s-1-768x315.jpg 768w\" sizes=\"(max-width: 129px) 100vw, 129px\" \/><\/p>\n<p class=\"kv-page-content-paragraph\"><strong>Szita K\u00e1roly<\/strong><br \/>\n<em>polg\u00e1rmester<\/em><\/p>\n<p>&nbsp;<\/p>\n<p class=\"kv-page-content-paragraph\"><em>R\u00e9szletes szab\u00e1lyoz\u00e1s a www.kaposvar.hu oldalon (Hivatalos \u00fcgyek \u2013 Fontosabb linkek \u2013 Leteleped\u00e9st seg\u00edt\u0151 helyi rendelet) olvashat\u00f3.<\/em><\/p>\n<div class=\"kv-page-margin-1\">\u00a0<\/div>\n<p><img loading=\"lazy\" class=\"alignnone wp-image-1853 size-large\" src=\"https:\/\/otthon.kaposvar.hu\/wp-content\/uploads\/2017\/05\/1ft_telkek_gyarapodo_web-1024x660.jpg\" alt=\"\" width=\"1024\" height=\"660\" srcset=\"https:\/\/otthon.kaposvar.hu\/wp-content\/uploads\/2017\/05\/1ft_telkek_gyarapodo_web-1024x660.jpg 1024w, https:\/\/otthon.kaposvar.hu\/wp-content\/uploads\/2017\/05\/1ft_telkek_gyarapodo_web-300x194.jpg 300w, https:\/\/otthon.kaposvar.hu\/wp-content\/uploads\/2017\/05\/1ft_telkek_gyarapodo_web-768x495.jpg 768w, https:\/\/otthon.kaposvar.hu\/wp-content\/uploads\/2017\/05\/1ft_telkek_gyarapodo_web.jpg 2000w\" sizes=\"(max-width: 1024px) 100vw, 1024px\" \/><\/p>\n<div class=\"kv-page-margin-1\">\u00a0<\/div>\n<h3 class=\"kv-page-content-paragraph kv-page-content-subtitle\">T\u00e1mogatjuk az otthonteremt\u00e9st<\/h3>\n<p class=\"kv-page-content-paragraph\">Sz\u00e9les\u00edtj\u00fck a t\u00e1mogatottak k\u00f6r\u00e9t.<\/p>\n<p class=\"kv-page-content-paragraph\">Az els\u0151 lak\u00e1s v\u00e1s\u00e1rl\u00e1s\u00e1hoz ny\u00fajtott helyi t\u00e1mogat\u00e1s ezent\u00fal nemcsak a v\u00e1s\u00e1rl\u00e1shoz, hanem az els\u0151 k\u00f6z\u00f6s lak\u00e1s b\u0151v\u00edt\u00e9s\u00e9hez vagy cser\u00e9j\u00e9hez is ig\u00e9nybe vehet\u0151, amennyiben \u00fajabb gyermekekkel gazdagodik a csal\u00e1d. Megemelj\u00fck a jogosults\u00e1g egy f\u0151re jut\u00f3 j\u00f6vedelemhat\u00e1r\u00e1t 85 500 Ft-r\u00f3l 142 500 Ft-ra, a csok 10-et ig\u00e9nybe vev\u0151k eset\u00e9ben pedig 199 500 Ft-ra. \u00cdgy m\u00e9g t\u00f6bben tudj\u00e1k ig\u00e9nybe venni a seg\u00edts\u00e9get. A t\u00e1mogat\u00e1s lak\u00e1s\u00e9p\u00edt\u00e9shez, -v\u00e1s\u00e1rl\u00e1shoz \u00e9s -b\u0151v\u00edt\u00e9shez, valamint \u00e9p\u00edt\u00e9si telek v\u00e1s\u00e1rl\u00e1s\u00e1hoz is k\u00e9rhet\u0151. Magasabb \u00f6sszeget ad a v\u00e1ros vissza nem t\u00e9r\u00edtend\u0151 \u00e9s kamatmentes k\u00f6lcs\u00f6n form\u00e1j\u00e1ban. Ezut\u00e1n telekv\u00e1s\u00e1rl\u00e1sn\u00e1l \u00f6sszesen ak\u00e1r egymilli\u00f3 forinttal, lak\u00e1sv\u00e1s\u00e1rl\u00e1sn\u00e1l, -b\u0151v\u00edt\u00e9sn\u00e9l ak\u00e1r 1,2 milli\u00f3 forinttal, m\u00edg lak\u00e1s \u00e9p\u00edt\u00e9s\u00e9n\u00e9l ak\u00e1r k\u00e9tmilli\u00f3 forinttal is seg\u00edtj\u00fck a csal\u00e1dokat.<\/p>\n<div class=\"kv-page-margin-1\">\u00a0<\/div>\n<p><img loading=\"lazy\" class=\"alignnone wp-image-1866 size-large\" src=\"https:\/\/otthon.kaposvar.hu\/wp-content\/uploads\/2017\/05\/telekarkedvezmeny_gyarapodo_web-1024x681.jpg\" alt=\"\" width=\"1024\" height=\"681\" srcset=\"https:\/\/otthon.kaposvar.hu\/wp-content\/uploads\/2017\/05\/telekarkedvezmeny_gyarapodo_web-1024x681.jpg 1024w, https:\/\/otthon.kaposvar.hu\/wp-content\/uploads\/2017\/05\/telekarkedvezmeny_gyarapodo_web-300x200.jpg 300w, https:\/\/otthon.kaposvar.hu\/wp-content\/uploads\/2017\/05\/telekarkedvezmeny_gyarapodo_web-768x511.jpg 768w, https:\/\/otthon.kaposvar.hu\/wp-content\/uploads\/2017\/05\/telekarkedvezmeny_gyarapodo_web.jpg 2000w\" sizes=\"(max-width: 1024px) 100vw, 1024px\" \/><\/p>\n<div class=\"kv-page-margin-1\">\u00a0<\/div>\n<p class=\"kv-page-content-paragraph\">Szakembereknek \u00e9p\u00edt\u00e9si telkek v\u00e1s\u00e1rl\u00e1s\u00e1hoz ny\u00fajtott kor\u00e1bbi t\u00e1mogat\u00e1si rendszer\u00fcnket \u00fagy alak\u00edtjuk \u00e1t, hogy egymilli\u00f3 forint helyett ak\u00e1r \u00f6tmilli\u00f3 forint t\u00e1mogat\u00e1st adunk az \u00f6nkorm\u00e1nyzat \u00e1ltal kialak\u00edtott \u00e9p\u00edt\u00e9si telkek megv\u00e1s\u00e1rl\u00e1s\u00e1hoz, amennyiben kaposv\u00e1ri munk\u00e1ltat\u00f3juk is t\u00e1mogatja ezt.<\/p>\n<div class=\"kv-page-margin-1\">\u00a0<\/div>\n<p><img loading=\"lazy\" class=\"alignnone wp-image-1854 size-large\" src=\"https:\/\/otthon.kaposvar.hu\/wp-content\/uploads\/2017\/05\/fecskehaz_gyarapodo-1024x654.jpg\" alt=\"\" width=\"1024\" height=\"654\" srcset=\"https:\/\/otthon.kaposvar.hu\/wp-content\/uploads\/2017\/05\/fecskehaz_gyarapodo-1024x654.jpg 1024w, https:\/\/otthon.kaposvar.hu\/wp-content\/uploads\/2017\/05\/fecskehaz_gyarapodo-300x192.jpg 300w, https:\/\/otthon.kaposvar.hu\/wp-content\/uploads\/2017\/05\/fecskehaz_gyarapodo-768x490.jpg 768w\" sizes=\"(max-width: 1024px) 100vw, 1024px\" \/><\/p>\n<div class=\"kv-page-margin-1\">\u00a0<\/div>\n<p class=\"kv-page-content-paragraph\">Fecskeh\u00e1zunkban harminc lak\u00e1s \u00e1ll rendelkez\u00e9s\u00e9re azoknak az \u00f6n\u00e1ll\u00f3 ingatlannal m\u00e9g nem rendelkez\u0151 35 \u00e9ven aluli h\u00e1zasoknak vagy \u00e9lett\u00e1rsi kapcsolatban l\u00e9v\u0151 fiataloknak, akik m\u00e1r \u00e1lland\u00f3 j\u00f6vedelemmel lak\u00e1sc\u00e9l\u00fa el\u0151takar\u00e9koss\u00e1got v\u00e1llaltak az \u00f6n\u00e1ll\u00f3 otthon megteremt\u00e9se \u00e9rdek\u00e9ben. T\u00f6bb mint ezer \u00f6nkorm\u00e1nyzati b\u00e9rlak\u00e1sunkban els\u0151sorban csal\u00e1dos kaposv\u00e1riaknak biztos\u00edtjuk az otthonteremt\u00e9s lehet\u0151s\u00e9g\u00e9t.<\/p>\n<div class=\"kv-page-margin-1\">\u00a0<\/div>\n<p><img loading=\"lazy\" class=\"alignnone wp-image-1857 size-large\" src=\"https:\/\/otthon.kaposvar.hu\/wp-content\/uploads\/2017\/05\/lombikbebi_kaposvar_gyarapodo_web-1024x682.jpg\" alt=\"\" width=\"1024\" height=\"682\" srcset=\"https:\/\/otthon.kaposvar.hu\/wp-content\/uploads\/2017\/05\/lombikbebi_kaposvar_gyarapodo_web-1024x682.jpg 1024w, https:\/\/otthon.kaposvar.hu\/wp-content\/uploads\/2017\/05\/lombikbebi_kaposvar_gyarapodo_web-300x200.jpg 300w, https:\/\/otthon.kaposvar.hu\/wp-content\/uploads\/2017\/05\/lombikbebi_kaposvar_gyarapodo_web-768x512.jpg 768w, https:\/\/otthon.kaposvar.hu\/wp-content\/uploads\/2017\/05\/lombikbebi_kaposvar_gyarapodo_web.jpg 2000w\" sizes=\"(max-width: 1024px) 100vw, 1024px\" \/><\/p>\n<div class=\"kv-page-margin-1\">\u00a0<\/div>\n<h3 class=\"kv-page-content-paragraph kv-page-content-subtitle\">Seg\u00edtj\u00fck a csal\u00e1db\u0151v\u00edt\u00e9st<\/h3>\n<p class=\"kv-page-content-paragraph\">T\u00e1mogatjuk azokat a lombikb\u00e9biprogramban r\u00e9szt vev\u0151 p\u00e1rokat, akiknek orvosi seg\u00edts\u00e9gre van sz\u00fcks\u00e9g\u00fck gyermek\u00fck megsz\u00fclet\u00e9s\u00e9hez. Az OEP \u00e1ltal finansz\u00edrozott els\u0151 \u00f6t elj\u00e1r\u00e1s melletti magas gy\u00f3gyszerk\u00f6lts\u00e9gekhez \u00e9vente ak\u00e1r 50 000 forint t\u00e1mogat\u00e1st adunk.<\/p>\n<p class=\"kv-page-content-paragraph\">Ha pedig sz\u00fcks\u00e9ges egy \u00fajabb beavatkoz\u00e1s is, ehhez ak\u00e1r 100 000 forintos t\u00e1mogat\u00e1st biztos\u00edtunk, \u00edgy is es\u00e9lyt adva a gyermekv\u00e1llal\u00e1snak.<\/p>\n<div class=\"kv-page-margin-1\">\u00a0<\/div>\n<p><img loading=\"lazy\" class=\"alignnone wp-image-1855 size-large\" src=\"https:\/\/otthon.kaposvar.hu\/wp-content\/uploads\/2017\/05\/26-szakemberlakasok-1024x576.jpg\" alt=\"\" width=\"1024\" height=\"576\" srcset=\"https:\/\/otthon.kaposvar.hu\/wp-content\/uploads\/2017\/05\/26-szakemberlakasok-1024x576.jpg 1024w, https:\/\/otthon.kaposvar.hu\/wp-content\/uploads\/2017\/05\/26-szakemberlakasok-300x169.jpg 300w, https:\/\/otthon.kaposvar.hu\/wp-content\/uploads\/2017\/05\/26-szakemberlakasok-768x432.jpg 768w, https:\/\/otthon.kaposvar.hu\/wp-content\/uploads\/2017\/05\/26-szakemberlakasok.jpg 1920w\" sizes=\"(max-width: 1024px) 100vw, 1024px\" \/><\/p>\n<div class=\"kv-page-margin-1\">\u00a0<\/div>\n<h3 class=\"kv-page-content-paragraph kv-page-content-subtitle\">T\u00e1mogatjuk fiatal szakembereinket<\/h3>\n<p class=\"kv-page-content-paragraph\">Egy \u00e9ven \u00e1t havi 100 000 forint leteleped\u00e9si t\u00e1mogat\u00e1st adunk azoknak a 35 \u00e9v alatti, p\u00e1lyakezd\u0151 munkav\u00e1llal\u00f3knak, akik \u00e1lland\u00f3 kaposv\u00e1ri lakhellyel rendelkeznek vagy azt l\u00e9tes\u00edtenek, hi\u00e1nyszakm\u00e1ban helyezkednek el, \u00e9s legal\u00e1bb \u00f6t \u00e9vre v\u00e1llalnak munk\u00e1t v\u00e1rosunkban.<\/p>\n<div class=\"kv-page-margin-1\">\u00a0<\/div>\n<p><img loading=\"lazy\" class=\"alignnone wp-image-1856 size-large\" src=\"https:\/\/otthon.kaposvar.hu\/wp-content\/uploads\/2017\/05\/buszberlet_web-1024x682.jpg\" alt=\"\" width=\"1024\" height=\"682\" srcset=\"https:\/\/otthon.kaposvar.hu\/wp-content\/uploads\/2017\/05\/buszberlet_web-1024x682.jpg 1024w, https:\/\/otthon.kaposvar.hu\/wp-content\/uploads\/2017\/05\/buszberlet_web-300x200.jpg 300w, https:\/\/otthon.kaposvar.hu\/wp-content\/uploads\/2017\/05\/buszberlet_web-768x512.jpg 768w, https:\/\/otthon.kaposvar.hu\/wp-content\/uploads\/2017\/05\/buszberlet_web.jpg 2000w\" sizes=\"(max-width: 1024px) 100vw, 1024px\" \/><\/p>\n<div class=\"kv-page-margin-1\">\u00a0<\/div>\n<h3 class=\"kv-page-content-paragraph kv-page-content-subtitle\">Hogy m\u00e9g jobb legyen Kaposv\u00e1ron \u00e9lni<\/h3>\n<p class=\"kv-page-content-paragraph\">B\u0151v\u00edtj\u00fck utaz\u00e1si t\u00e1mogat\u00e1sainkat. A j\u00f6v\u0151ben a kismamab\u00e9rletet nem csup\u00e1n a gyesen \u00e9s gyeden l\u00e9v\u0151knek, hanem a csedet ig\u00e9nybe vev\u0151knek, \u00e9s az unok\u00e1kat gondoz\u00f3, GYED-en l\u00e9v\u0151, szoci\u00e1lisan r\u00e1szorul\u00f3 nagysz\u00fcl\u0151knek is biztos\u00edtjuk. Ezent\u00fal a gyermek h\u00e1rom\u00e9ves kora ut\u00e1n is seg\u00edtj\u00fck a t\u00f6megk\u00f6zleked\u00e9st haszn\u00e1l\u00f3, nehezebb helyzetben l\u00e9v\u0151 nagycsal\u00e1dos kismam\u00e1kat \u00e9s kispap\u00e1kat eg\u00e9szen a gyermek nyolc\u00e9ves kor\u00e1ig. R\u00e9sz\u00fckre havi 5000 forintos t\u00e1mogat\u00e1st ny\u00fajtunk a b\u00e9rlet megv\u00e1s\u00e1rl\u00e1s\u00e1hoz, ha arra a munk\u00e1ba j\u00e1r\u00e1shoz sz\u00fcks\u00e9g\u00fck van.<\/p>\n<div class=\"kv-page-margin-1\">\u00a0<\/div>\n<p><img loading=\"lazy\" class=\"alignnone wp-image-1865 size-large\" src=\"https:\/\/otthon.kaposvar.hu\/wp-content\/uploads\/2017\/05\/adokedvezmeny_gyarapodo_web-1024x682.jpg\" alt=\"\" width=\"1024\" height=\"682\" srcset=\"https:\/\/otthon.kaposvar.hu\/wp-content\/uploads\/2017\/05\/adokedvezmeny_gyarapodo_web-1024x682.jpg 1024w, https:\/\/otthon.kaposvar.hu\/wp-content\/uploads\/2017\/05\/adokedvezmeny_gyarapodo_web-300x200.jpg 300w, https:\/\/otthon.kaposvar.hu\/wp-content\/uploads\/2017\/05\/adokedvezmeny_gyarapodo_web-768x512.jpg 768w, https:\/\/otthon.kaposvar.hu\/wp-content\/uploads\/2017\/05\/adokedvezmeny_gyarapodo_web.jpg 2000w\" sizes=\"(max-width: 1024px) 100vw, 1024px\" \/><\/p>\n<div class=\"kv-page-margin-1\">\u00a0<\/div>\n<p class=\"kv-page-content-paragraph\">Ad\u00f3mentess\u00e9get biztos\u00edtunk a nagycsal\u00e1dosoknak. A csok 10-et ig\u00e9nybe vev\u0151 h\u00e1rom- vagy t\u00f6bbgyermekes csal\u00e1dokat t\u00edz \u00e9vre mentes\u00edtj\u00fck a kommun\u00e1lis ad\u00f3 megfizet\u00e9se al\u00f3l.<\/p>\n<div class=\"kv-page-margin-1\">\u00a0<\/div>\n<p><img loading=\"lazy\" class=\"alignnone wp-image-1858 size-large\" src=\"https:\/\/otthon.kaposvar.hu\/wp-content\/uploads\/2017\/05\/hpv_vedooltas_gyarapodo_web-1024x681.jpg\" alt=\"\" width=\"1024\" height=\"681\" srcset=\"https:\/\/otthon.kaposvar.hu\/wp-content\/uploads\/2017\/05\/hpv_vedooltas_gyarapodo_web-1024x681.jpg 1024w, https:\/\/otthon.kaposvar.hu\/wp-content\/uploads\/2017\/05\/hpv_vedooltas_gyarapodo_web-300x200.jpg 300w, https:\/\/otthon.kaposvar.hu\/wp-content\/uploads\/2017\/05\/hpv_vedooltas_gyarapodo_web-768x511.jpg 768w, https:\/\/otthon.kaposvar.hu\/wp-content\/uploads\/2017\/05\/hpv_vedooltas_gyarapodo_web.jpg 2000w\" sizes=\"(max-width: 1024px) 100vw, 1024px\" \/><\/p>\n<div class=\"kv-page-margin-1\">\u00a0<\/div>\n<p class=\"kv-page-content-paragraph\">\u00dajabb v\u00e9d\u0151olt\u00e1st t\u00e1mogatunk. Kaposv\u00e1ron m\u00e1r az \u00e1llami hozz\u00e1j\u00e1rul\u00e1s bevezet\u00e9se el\u0151tt t\u00e1mogattuk a HPV-v\u00e9d\u0151olt\u00e1s megv\u00e1s\u00e1rl\u00e1s\u00e1t. A b\u00e1r\u00e1nyhiml\u0151 elleni olt\u00e1s k\u00f6lts\u00e9geinek t\u00e1mogat\u00e1s\u00e1val, \u00e1tv\u00e1llal\u00e1s\u00e1val most is j\u00f3 p\u00e9ld\u00e1val szeretn\u00e9nk el\u00f6l j\u00e1rni.<\/p>\n<div class=\"kv-page-margin-1\">\u00a0<\/div>\n<p><img loading=\"lazy\" class=\"alignnone wp-image-1859 size-large\" src=\"https:\/\/otthon.kaposvar.hu\/wp-content\/uploads\/2017\/05\/babadoboz_web-1024x682.jpg\" alt=\"\" width=\"1024\" height=\"682\" srcset=\"https:\/\/otthon.kaposvar.hu\/wp-content\/uploads\/2017\/05\/babadoboz_web-1024x682.jpg 1024w, https:\/\/otthon.kaposvar.hu\/wp-content\/uploads\/2017\/05\/babadoboz_web-300x200.jpg 300w, https:\/\/otthon.kaposvar.hu\/wp-content\/uploads\/2017\/05\/babadoboz_web-768x512.jpg 768w, https:\/\/otthon.kaposvar.hu\/wp-content\/uploads\/2017\/05\/babadoboz_web.jpg 2000w\" sizes=\"(max-width: 1024px) 100vw, 1024px\" \/><\/p>\n<div class=\"kv-page-margin-1\">\u00a0<\/div>\n<p class=\"kv-page-content-paragraph\">2016 augusztusa \u00f3ta aj\u00e1nd\u00e9kozunk \u201eKaposv\u00e1ri babadobozt\u201d az \u00fajsz\u00fcl\u00f6tteknek. Ezent\u00fal minden Kaposv\u00e1rra sz\u00fcletett baba megkapja majd a hasznos csecsem\u0151gondoz\u00e1si kell\u00e9keket, valamint a Kaposv\u00e1r embl\u00e9m\u00e1j\u00e1val h\u00edmzett babatakar\u00f3t.<\/p>\n<div class=\"kv-page-margin-1\">\u00a0<\/div>\n<p><img loading=\"lazy\" class=\"alignnone wp-image-1860 size-large\" src=\"https:\/\/otthon.kaposvar.hu\/wp-content\/uploads\/2017\/05\/eletfa_gyarapodo_web-1024x682.jpg\" alt=\"\" width=\"1024\" height=\"682\" srcset=\"https:\/\/otthon.kaposvar.hu\/wp-content\/uploads\/2017\/05\/eletfa_gyarapodo_web-1024x682.jpg 1024w, https:\/\/otthon.kaposvar.hu\/wp-content\/uploads\/2017\/05\/eletfa_gyarapodo_web-300x200.jpg 300w, https:\/\/otthon.kaposvar.hu\/wp-content\/uploads\/2017\/05\/eletfa_gyarapodo_web-768x512.jpg 768w, https:\/\/otthon.kaposvar.hu\/wp-content\/uploads\/2017\/05\/eletfa_gyarapodo_web.jpg 2000w\" sizes=\"(max-width: 1024px) 100vw, 1024px\" \/><\/p>\n<div class=\"kv-page-margin-1\">\u00a0<\/div>\n<p class=\"kv-page-content-paragraph\">Minden kaposv\u00e1ri baba neve felker\u00fclhet a Kaposv\u00e1rhoz tartoz\u00e1s sz\u00e9p jelk\u00e9p\u00e9re, a V\u00e1rosligetben \u00e1ll\u00f3 imm\u00e1r m\u00e1sodik \u00c9letf\u00e1ra.<\/p>\n<div class=\"kv-page-margin-1\">\u00a0<\/div>\n<p><img loading=\"lazy\" class=\"alignnone wp-image-1861 size-large\" src=\"https:\/\/otthon.kaposvar.hu\/wp-content\/uploads\/2017\/05\/tolltarto_gyarapodo_web-1024x700.jpg\" alt=\"\" width=\"1024\" height=\"700\" srcset=\"https:\/\/otthon.kaposvar.hu\/wp-content\/uploads\/2017\/05\/tolltarto_gyarapodo_web-1024x700.jpg 1024w, https:\/\/otthon.kaposvar.hu\/wp-content\/uploads\/2017\/05\/tolltarto_gyarapodo_web-300x205.jpg 300w, https:\/\/otthon.kaposvar.hu\/wp-content\/uploads\/2017\/05\/tolltarto_gyarapodo_web-768x525.jpg 768w, https:\/\/otthon.kaposvar.hu\/wp-content\/uploads\/2017\/05\/tolltarto_gyarapodo_web.jpg 2000w\" sizes=\"(max-width: 1024px) 100vw, 1024px\" \/><\/p>\n<div class=\"kv-page-margin-1\">\u00a0<\/div>\n<p class=\"kv-page-content-paragraph\">Az els\u0151 oszt\u00e1lyba l\u00e9p\u0151 kaposv\u00e1ri kisdi\u00e1koknak egy teli tolltart\u00f3t adunk aj\u00e1nd\u00e9kba, hogy ezzel a gesztussal is hozz\u00e1j\u00e1ruljunk a sikeres iskolakezd\u00e9shez.<\/p>\n<div class=\"kv-page-margin-1\">\u00a0<\/div>\n<p><img loading=\"lazy\" class=\"alignnone wp-image-1862 size-large\" src=\"https:\/\/otthon.kaposvar.hu\/wp-content\/uploads\/2017\/05\/korcsolyaoktatas_gyarapodo_web-1024x682.jpg\" alt=\"\" width=\"1024\" height=\"682\" srcset=\"https:\/\/otthon.kaposvar.hu\/wp-content\/uploads\/2017\/05\/korcsolyaoktatas_gyarapodo_web-1024x682.jpg 1024w, https:\/\/otthon.kaposvar.hu\/wp-content\/uploads\/2017\/05\/korcsolyaoktatas_gyarapodo_web-300x200.jpg 300w, https:\/\/otthon.kaposvar.hu\/wp-content\/uploads\/2017\/05\/korcsolyaoktatas_gyarapodo_web-768x512.jpg 768w, https:\/\/otthon.kaposvar.hu\/wp-content\/uploads\/2017\/05\/korcsolyaoktatas_gyarapodo_web.jpg 2000w\" sizes=\"(max-width: 1024px) 100vw, 1024px\" \/><\/p>\n<div class=\"kv-page-margin-1\">\u00a0<\/div>\n<p class=\"kv-page-content-paragraph\">A legkisebb kaposv\u00e1riak sz\u00e1m\u00e1ra ingyenes \u00fasz\u00e1s- \u00e9s j\u00e9gkorcsolya-oktat\u00e1st biztos\u00edtunk, hogy a j\u00f6v\u0151 kaposv\u00e1ri gener\u00e1ci\u00f3i m\u00e9g eg\u00e9szs\u00e9gesebbek legyenek.<\/p>\n<div class=\"kv-page-margin-1\">\u00a0<\/div>\n<p><img loading=\"lazy\" class=\"alignnone wp-image-1863 size-large\" src=\"https:\/\/otthon.kaposvar.hu\/wp-content\/uploads\/2017\/05\/eletfa_jatszoter_gyarapodo_web-1024x549.jpg\" alt=\"\" width=\"1024\" height=\"549\" srcset=\"https:\/\/otthon.kaposvar.hu\/wp-content\/uploads\/2017\/05\/eletfa_jatszoter_gyarapodo_web-1024x549.jpg 1024w, https:\/\/otthon.kaposvar.hu\/wp-content\/uploads\/2017\/05\/eletfa_jatszoter_gyarapodo_web-300x161.jpg 300w, https:\/\/otthon.kaposvar.hu\/wp-content\/uploads\/2017\/05\/eletfa_jatszoter_gyarapodo_web-768x412.jpg 768w, https:\/\/otthon.kaposvar.hu\/wp-content\/uploads\/2017\/05\/eletfa_jatszoter_gyarapodo_web.jpg 2000w\" sizes=\"(max-width: 1024px) 100vw, 1024px\" \/><\/p>\n<div class=\"kv-page-margin-1\">\u00a0<\/div>\n<p class=\"kv-page-content-paragraph\">A Gyermekmosoly Program keret\u00e9ben \u00faj k\u00f6zponti j\u00e1tsz\u00f3tereket \u00e9p\u00edtett\u00fcnk, valamint fel\u00faj\u00edtottunk, kib\u0151v\u00edtett\u00fcnk 46 j\u00e1tsz\u00f3teret.<\/p>\n<div class=\"kv-page-margin-1\">\u00a0<\/div>\n<p><img loading=\"lazy\" class=\"alignnone wp-image-11633 size-large\" src=\"https:\/\/otthon.kaposvar.hu\/wp-content\/uploads\/2023\/03\/01-1024x768.jpeg\" alt=\"\" width=\"1024\" height=\"768\" srcset=\"https:\/\/otthon.kaposvar.hu\/wp-content\/uploads\/2023\/03\/01-1024x768.jpeg 1024w, https:\/\/otthon.kaposvar.hu\/wp-content\/uploads\/2023\/03\/01-300x225.jpeg 300w, https:\/\/otthon.kaposvar.hu\/wp-content\/uploads\/2023\/03\/01-768x576.jpeg 768w, https:\/\/otthon.kaposvar.hu\/wp-content\/uploads\/2023\/03\/01-1536x1152.jpeg 1536w, https:\/\/otthon.kaposvar.hu\/wp-content\/uploads\/2023\/03\/01-2048x1536.jpeg 2048w, https:\/\/otthon.kaposvar.hu\/wp-content\/uploads\/2023\/03\/01-1920x1440.jpeg 1920w\" sizes=\"(max-width: 1024px) 100vw, 1024px\" \/><\/p>\n<div class=\"kv-page-margin-1\">\u00a0<\/div>\n<p class=\"kv-page-content-paragraph\">Tov\u00e1bb b\u0151v\u00edtj\u00fck a v\u00e1ros ker\u00e9kp\u00e1r\u00fat-h\u00e1l\u00f3zat\u00e1t, valamint 15 \u00faj \u00e1llom\u00e1ssal \u00e9s 120 \u00faj ker\u00e9kp\u00e1r rendszerbe \u00e1ll\u00edt\u00e1s\u00e1val tessz\u00fck komfortosabb\u00e1 a csal\u00e1dok \u00e9s fiatalok k\u00f6r\u00e9ben is nagy sikernek \u00f6rvend\u0151 Kaposv\u00e1ri tekerg\u0151 k\u00f6zbringarendszert.<\/p>\n<div class=\"kv-page-margin-15\">\u00a0<\/div>\n<p><\/p>","protected":false},"excerpt":{"rendered":"<p>Kedves \u00c9desany\u00e1k \u00e9s \u00c9desap\u00e1k, csal\u00e1dot tervez\u0151 Kaposv\u00e1riak! \u00daj t\u00e1mogat\u00e1si programot ind\u00edtunk a gyarapod\u00f3 Kaposv\u00e1r\u00e9rt. Tudjuk j\u00f3l, hogy ma Magyarorsz\u00e1gon a fiatalok t\u00f6bb gyermeket terveznek, mint ah\u00e1nyan v\u00e9g\u00fcl meg is sz\u00fcletnek. A n\u00e9pess\u00e9gfogy\u00e1s oka teh\u00e1t nem az, hogy al\u00e1bbhagyott volna a gyermekv\u00e1llal\u00e1si kedv, sokkal ink\u00e1bb az, hogy a leend\u0151 \u00e9desany\u00e1k \u00e9s \u00e9desap\u00e1k gyakran \u00fagy \u00e9rzik, nem [&hellip;]<\/p>\n","protected":false},"author":13,"featured_media":1581,"comment_status":"closed","ping_status":"closed","sticky":false,"template":"","format":"standard","meta":[],"categories":[271],"tags":[],"acf":[],"yoast_head":"<!-- This site is optimized with the Yoast SEO plugin v19.8 - https:\/\/yoast.com\/wordpress\/plugins\/seo\/ -->\n<title>Gyarapod\u00f3 Kaposv\u00e1r - Kaposv\u00e1r Megyei Jog\u00fa V\u00e1ros<\/title>\n<meta name=\"robots\" content=\"index, follow, max-snippet:-1, max-image-preview:large, max-video-preview:-1\" \/>\n<link rel=\"canonical\" href=\"https:\/\/otthon.kaposvar.hu\/hu\/fejlodes\/gyarapodo-kaposvar\/\" \/>\n<meta property=\"og:locale\" content=\"hu_HU\" \/>\n<meta property=\"og:type\" content=\"article\" \/>\n<meta property=\"og:title\" content=\"Gyarapod\u00f3 Kaposv\u00e1r - Kaposv\u00e1r Megyei Jog\u00fa V\u00e1ros\" \/>\n<meta property=\"og:description\" content=\"Kedves \u00c9desany\u00e1k \u00e9s \u00c9desap\u00e1k, csal\u00e1dot tervez\u0151 Kaposv\u00e1riak! \u00daj t\u00e1mogat\u00e1si programot ind\u00edtunk a gyarapod\u00f3 Kaposv\u00e1r\u00e9rt. Tudjuk j\u00f3l, hogy ma Magyarorsz\u00e1gon a fiatalok t\u00f6bb gyermeket terveznek, mint ah\u00e1nyan v\u00e9g\u00fcl meg is sz\u00fcletnek. A n\u00e9pess\u00e9gfogy\u00e1s oka teh\u00e1t nem az, hogy al\u00e1bbhagyott volna a gyermekv\u00e1llal\u00e1si kedv, sokkal ink\u00e1bb az, hogy a leend\u0151 \u00e9desany\u00e1k \u00e9s \u00e9desap\u00e1k gyakran \u00fagy \u00e9rzik, nem [&hellip;]\" \/>\n<meta property=\"og:url\" content=\"https:\/\/otthon.kaposvar.hu\/hu\/fejlodes\/gyarapodo-kaposvar\/\" \/>\n<meta property=\"og:site_name\" content=\"Kaposv\u00e1r Megyei Jog\u00fa V\u00e1ros\" \/>\n<meta property=\"article:publisher\" content=\"https:\/\/www.facebook.com\/cityofkaposvar\/\" \/>\n<meta property=\"article:published_time\" content=\"2017-09-05T09:33:38+00:00\" \/>\n<meta property=\"article:modified_time\" content=\"2023-03-02T13:23:15+00:00\" \/>\n<meta property=\"og:image\" content=\"https:\/\/otthon.kaposvar.hu\/wp-content\/uploads\/2017\/05\/gyarapodo_kaposvar_web.jpg\" \/>\n\t<meta property=\"og:image:width\" content=\"2000\" \/>\n\t<meta property=\"og:image:height\" content=\"1500\" \/>\n\t<meta property=\"og:image:type\" content=\"image\/jpeg\" \/>\n<meta name=\"author\" content=\"Kov\u00e1cs Krist\u00f3f\" \/>\n<meta name=\"twitter:card\" content=\"summary_large_image\" \/>\n<meta name=\"twitter:label1\" content=\"Szerz\u0151:\" \/>\n\t<meta name=\"twitter:data1\" content=\"Kov\u00e1cs Krist\u00f3f\" \/>\n\t<meta name=\"twitter:label2\" content=\"Becs\u00fclt olvas\u00e1si id\u0151\" \/>\n\t<meta name=\"twitter:data2\" content=\"6 perc\" \/>\n<script type=\"application\/ld+json\" class=\"yoast-schema-graph\">{\"@context\":\"https:\/\/schema.org\",\"@graph\":[{\"@type\":\"Article\",\"@id\":\"https:\/\/otthon.kaposvar.hu\/fejlodes\/gyarapodo-kaposvar\/#article\",\"isPartOf\":{\"@id\":\"https:\/\/otthon.kaposvar.hu\/fejlodes\/gyarapodo-kaposvar\/\"},\"author\":{\"name\":\"Kov\u00e1cs Krist\u00f3f\",\"@id\":\"https:\/\/otthon.kaposvar.hu\/hu\/#\/schema\/person\/a876ec9a97351f354794f1e4e58fad4b\"},\"headline\":\"Gyarapod\u00f3 Kaposv\u00e1r\",\"datePublished\":\"2017-09-05T09:33:38+00:00\",\"dateModified\":\"2023-03-02T13:23:15+00:00\",\"mainEntityOfPage\":{\"@id\":\"https:\/\/otthon.kaposvar.hu\/fejlodes\/gyarapodo-kaposvar\/\"},\"wordCount\":1180,\"publisher\":{\"@id\":\"https:\/\/otthon.kaposvar.hu\/hu\/#organization\"},\"articleSection\":[\"Fejl\u0151d\u00e9s\"],\"inLanguage\":\"hu\"},{\"@type\":\"WebPage\",\"@id\":\"https:\/\/otthon.kaposvar.hu\/hu\/fejlodes\/gyarapodo-kaposvar\/\",\"url\":\"https:\/\/otthon.kaposvar.hu\/hu\/fejlodes\/gyarapodo-kaposvar\/\",\"name\":\"Gyarapod\u00f3 Kaposv\u00e1r - Kaposv\u00e1r Megyei Jog\u00fa V\u00e1ros\",\"isPartOf\":{\"@id\":\"https:\/\/otthon.kaposvar.hu\/hu\/#website\"},\"datePublished\":\"2017-09-05T09:33:38+00:00\",\"dateModified\":\"2023-03-02T13:23:15+00:00\",\"breadcrumb\":{\"@id\":\"https:\/\/otthon.kaposvar.hu\/hu\/fejlodes\/gyarapodo-kaposvar\/#breadcrumb\"},\"inLanguage\":\"hu\",\"potentialAction\":[{\"@type\":\"ReadAction\",\"target\":[[\"https:\/\/otthon.kaposvar.hu\/hu\/fejlodes\/gyarapodo-kaposvar\/\"]]}]},{\"@type\":\"BreadcrumbList\",\"@id\":\"https:\/\/otthon.kaposvar.hu\/hu\/fejlodes\/gyarapodo-kaposvar\/#breadcrumb\",\"itemListElement\":[{\"@type\":\"ListItem\",\"position\":1,\"name\":\"Home\",\"item\":\"https:\/\/otthon.kaposvar.hu\/hu\/\"},{\"@type\":\"ListItem\",\"position\":2,\"name\":\"Gyarapod\u00f3 Kaposv\u00e1r\"}]},{\"@type\":\"WebSite\",\"@id\":\"https:\/\/otthon.kaposvar.hu\/hu\/#website\",\"url\":\"https:\/\/otthon.kaposvar.hu\/hu\/\",\"name\":\"Kaposv\u00e1r Megyei Jog\u00fa V\u00e1ros\",\"description\":\"\",\"publisher\":{\"@id\":\"https:\/\/otthon.kaposvar.hu\/hu\/#organization\"},\"potentialAction\":[{\"@type\":\"SearchAction\",\"target\":{\"@type\":\"EntryPoint\",\"urlTemplate\":\"https:\/\/otthon.kaposvar.hu\/hu\/?s={search_term_string}\"},\"query-input\":\"required name=search_term_string\"}],\"inLanguage\":\"hu\"},{\"@type\":\"Organization\",\"@id\":\"https:\/\/otthon.kaposvar.hu\/hu\/#organization\",\"name\":\"Kaposv\u00e1r Megyei Jog\u00fa V\u00e1ros\",\"url\":\"https:\/\/otthon.kaposvar.hu\/hu\/\",\"sameAs\":[\"https:\/\/www.instagram.com\/cityofkaposvar\/\",\"https:\/\/www.facebook.com\/cityofkaposvar\/\"],\"logo\":{\"@type\":\"ImageObject\",\"inLanguage\":\"hu\",\"@id\":\"https:\/\/otthon.kaposvar.hu\/hu\/#\/schema\/logo\/image\/\",\"url\":\"https:\/\/otthon.kaposvar.hu\/wp-content\/uploads\/2021\/10\/kaposvar_social.jpg\",\"contentUrl\":\"https:\/\/otthon.kaposvar.hu\/wp-content\/uploads\/2021\/10\/kaposvar_social.jpg\",\"width\":1200,\"height\":900,\"caption\":\"Kaposv\u00e1r Megyei Jog\u00fa V\u00e1ros\"},\"image\":{\"@id\":\"https:\/\/otthon.kaposvar.hu\/hu\/#\/schema\/logo\/image\/\"}},{\"@type\":\"Person\",\"@id\":\"https:\/\/otthon.kaposvar.hu\/hu\/#\/schema\/person\/a876ec9a97351f354794f1e4e58fad4b\",\"name\":\"Kov\u00e1cs Krist\u00f3f\",\"image\":{\"@type\":\"ImageObject\",\"inLanguage\":\"hu\",\"@id\":\"https:\/\/otthon.kaposvar.hu\/hu\/#\/schema\/person\/image\/\",\"url\":\"https:\/\/secure.gravatar.com\/avatar\/4860be26ed124f41c97ed8f0026220f4?s=96&d=mm&r=g\",\"contentUrl\":\"https:\/\/secure.gravatar.com\/avatar\/4860be26ed124f41c97ed8f0026220f4?s=96&d=mm&r=g\",\"caption\":\"Kov\u00e1cs Krist\u00f3f\"}}]}<\/script>\n<!-- \/ Yoast SEO plugin. -->","yoast_head_json":{"title":"Gyarapod\u00f3 Kaposv\u00e1r - Kaposv\u00e1r Megyei Jog\u00fa V\u00e1ros","robots":{"index":"index","follow":"follow","max-snippet":"max-snippet:-1","max-image-preview":"max-image-preview:large","max-video-preview":"max-video-preview:-1"},"canonical":"https:\/\/otthon.kaposvar.hu\/hu\/fejlodes\/gyarapodo-kaposvar\/","og_locale":"hu_HU","og_type":"article","og_title":"Gyarapod\u00f3 Kaposv\u00e1r - Kaposv\u00e1r Megyei Jog\u00fa V\u00e1ros","og_description":"Kedves \u00c9desany\u00e1k \u00e9s \u00c9desap\u00e1k, csal\u00e1dot tervez\u0151 Kaposv\u00e1riak! \u00daj t\u00e1mogat\u00e1si programot ind\u00edtunk a gyarapod\u00f3 Kaposv\u00e1r\u00e9rt. Tudjuk j\u00f3l, hogy ma Magyarorsz\u00e1gon a fiatalok t\u00f6bb gyermeket terveznek, mint ah\u00e1nyan v\u00e9g\u00fcl meg is sz\u00fcletnek. A n\u00e9pess\u00e9gfogy\u00e1s oka teh\u00e1t nem az, hogy al\u00e1bbhagyott volna a gyermekv\u00e1llal\u00e1si kedv, sokkal ink\u00e1bb az, hogy a leend\u0151 \u00e9desany\u00e1k \u00e9s \u00e9desap\u00e1k gyakran \u00fagy \u00e9rzik, nem [&hellip;]","og_url":"https:\/\/otthon.kaposvar.hu\/hu\/fejlodes\/gyarapodo-kaposvar\/","og_site_name":"Kaposv\u00e1r Megyei Jog\u00fa V\u00e1ros","article_publisher":"https:\/\/www.facebook.com\/cityofkaposvar\/","article_published_time":"2017-09-05T09:33:38+00:00","article_modified_time":"2023-03-02T13:23:15+00:00","og_image":[{"width":2000,"height":1500,"url":"https:\/\/otthon.kaposvar.hu\/wp-content\/uploads\/2017\/05\/gyarapodo_kaposvar_web.jpg","type":"image\/jpeg"}],"author":"Kov\u00e1cs Krist\u00f3f","twitter_card":"summary_large_image","twitter_misc":{"Szerz\u0151:":"Kov\u00e1cs Krist\u00f3f","Becs\u00fclt olvas\u00e1si id\u0151":"6 perc"},"schema":{"@context":"https:\/\/schema.org","@graph":[{"@type":"Article","@id":"https:\/\/otthon.kaposvar.hu\/fejlodes\/gyarapodo-kaposvar\/#article","isPartOf":{"@id":"https:\/\/otthon.kaposvar.hu\/fejlodes\/gyarapodo-kaposvar\/"},"author":{"name":"Kov\u00e1cs Krist\u00f3f","@id":"https:\/\/otthon.kaposvar.hu\/hu\/#\/schema\/person\/a876ec9a97351f354794f1e4e58fad4b"},"headline":"Gyarapod\u00f3 Kaposv\u00e1r","datePublished":"2017-09-05T09:33:38+00:00","dateModified":"2023-03-02T13:23:15+00:00","mainEntityOfPage":{"@id":"https:\/\/otthon.kaposvar.hu\/fejlodes\/gyarapodo-kaposvar\/"},"wordCount":1180,"publisher":{"@id":"https:\/\/otthon.kaposvar.hu\/hu\/#organization"},"articleSection":["Fejl\u0151d\u00e9s"],"inLanguage":"hu"},{"@type":"WebPage","@id":"https:\/\/otthon.kaposvar.hu\/hu\/fejlodes\/gyarapodo-kaposvar\/","url":"https:\/\/otthon.kaposvar.hu\/hu\/fejlodes\/gyarapodo-kaposvar\/","name":"Gyarapod\u00f3 Kaposv\u00e1r - Kaposv\u00e1r Megyei Jog\u00fa V\u00e1ros","isPartOf":{"@id":"https:\/\/otthon.kaposvar.hu\/hu\/#website"},"datePublished":"2017-09-05T09:33:38+00:00","dateModified":"2023-03-02T13:23:15+00:00","breadcrumb":{"@id":"https:\/\/otthon.kaposvar.hu\/hu\/fejlodes\/gyarapodo-kaposvar\/#breadcrumb"},"inLanguage":"hu","potentialAction":[{"@type":"ReadAction","target":[["https:\/\/otthon.kaposvar.hu\/hu\/fejlodes\/gyarapodo-kaposvar\/"]]}]},{"@type":"BreadcrumbList","@id":"https:\/\/otthon.kaposvar.hu\/hu\/fejlodes\/gyarapodo-kaposvar\/#breadcrumb","itemListElement":[{"@type":"ListItem","position":1,"name":"Home","item":"https:\/\/otthon.kaposvar.hu\/hu\/"},{"@type":"ListItem","position":2,"name":"Gyarapod\u00f3 Kaposv\u00e1r"}]},{"@type":"WebSite","@id":"https:\/\/otthon.kaposvar.hu\/hu\/#website","url":"https:\/\/otthon.kaposvar.hu\/hu\/","name":"Kaposv\u00e1r Megyei Jog\u00fa V\u00e1ros","description":"","publisher":{"@id":"https:\/\/otthon.kaposvar.hu\/hu\/#organization"},"potentialAction":[{"@type":"SearchAction","target":{"@type":"EntryPoint","urlTemplate":"https:\/\/otthon.kaposvar.hu\/hu\/?s={search_term_string}"},"query-input":"required name=search_term_string"}],"inLanguage":"hu"},{"@type":"Organization","@id":"https:\/\/otthon.kaposvar.hu\/hu\/#organization","name":"Kaposv\u00e1r Megyei Jog\u00fa V\u00e1ros","url":"https:\/\/otthon.kaposvar.hu\/hu\/","sameAs":["https:\/\/www.instagram.com\/cityofkaposvar\/","https:\/\/www.facebook.com\/cityofkaposvar\/"],"logo":{"@type":"ImageObject","inLanguage":"hu","@id":"https:\/\/otthon.kaposvar.hu\/hu\/#\/schema\/logo\/image\/","url":"https:\/\/otthon.kaposvar.hu\/wp-content\/uploads\/2021\/10\/kaposvar_social.jpg","contentUrl":"https:\/\/otthon.kaposvar.hu\/wp-content\/uploads\/2021\/10\/kaposvar_social.jpg","width":1200,"height":900,"caption":"Kaposv\u00e1r Megyei Jog\u00fa V\u00e1ros"},"image":{"@id":"https:\/\/otthon.kaposvar.hu\/hu\/#\/schema\/logo\/image\/"}},{"@type":"Person","@id":"https:\/\/otthon.kaposvar.hu\/hu\/#\/schema\/person\/a876ec9a97351f354794f1e4e58fad4b","name":"Kov\u00e1cs Krist\u00f3f","image":{"@type":"ImageObject","inLanguage":"hu","@id":"https:\/\/otthon.kaposvar.hu\/hu\/#\/schema\/person\/image\/","url":"https:\/\/secure.gravatar.com\/avatar\/4860be26ed124f41c97ed8f0026220f4?s=96&d=mm&r=g","contentUrl":"https:\/\/secure.gravatar.com\/avatar\/4860be26ed124f41c97ed8f0026220f4?s=96&d=mm&r=g","caption":"Kov\u00e1cs Krist\u00f3f"}}]}},"_links":{"self":[{"href":"https:\/\/otthon.kaposvar.hu\/hu\/wp-json\/wp\/v2\/posts\/3489"}],"collection":[{"href":"https:\/\/otthon.kaposvar.hu\/hu\/wp-json\/wp\/v2\/posts"}],"about":[{"href":"https:\/\/otthon.kaposvar.hu\/hu\/wp-json\/wp\/v2\/types\/post"}],"author":[{"embeddable":true,"href":"https:\/\/otthon.kaposvar.hu\/hu\/wp-json\/wp\/v2\/users\/13"}],"replies":[{"embeddable":true,"href":"https:\/\/otthon.kaposvar.hu\/hu\/wp-json\/wp\/v2\/comments?post=3489"}],"version-history":[{"count":0,"href":"https:\/\/otthon.kaposvar.hu\/hu\/wp-json\/wp\/v2\/posts\/3489\/revisions"}],"wp:featuredmedia":[{"embeddable":true,"href":"https:\/\/otthon.kaposvar.hu\/hu\/wp-json\/wp\/v2\/media\/1581"}],"wp:attachment":[{"href":"https:\/\/otthon.kaposvar.hu\/hu\/wp-json\/wp\/v2\/media?parent=3489"}],"wp:term":[{"taxonomy":"category","embeddable":true,"href":"https:\/\/otthon.kaposvar.hu\/hu\/wp-json\/wp\/v2\/categories?post=3489"},{"taxonomy":"post_tag","embeddable":true,"href":"https:\/\/otthon.kaposvar.hu\/hu\/wp-json\/wp\/v2\/tags?post=3489"}],"curies":[{"name":"wp","href":"https:\/\/api.w.org\/{rel}","templated":true}]}}