{"id":3465,"date":"2018-08-29T15:33:48","date_gmt":"2018-08-29T14:33:48","guid":{"rendered":"https:\/\/otthon.kaposvar.hu\/?p=3465"},"modified":"2018-08-29T15:43:04","modified_gmt":"2018-08-29T14:43:04","slug":"az-osszes-kaposvari-bolcsode-megujult","status":"publish","type":"post","link":"https:\/\/otthon.kaposvar.hu\/hu\/hirek\/az-osszes-kaposvari-bolcsode-megujult\/","title":{"rendered":"Az \u00f6sszes kaposv\u00e1ri b\u00f6lcs\u0151de meg\u00fajult"},"content":{"rendered":"<p><\/p>\n<blockquote class=\"kv-page-content-blockquote\">\n<p>\u2013 Olyan m\u00e9g nem fordult el\u0151 a v\u00e1ros t\u00f6rt\u00e9net\u00e9ben, hogy mind az \u00f6t b\u00f6lcs\u0151d\u00e9nket egyszerre tudjuk fel\u00faj\u00edtani. R\u00e1ad\u00e1sul az is egyed\u00fcl\u00e1ll\u00f3, hogy 151 milli\u00f3 forintot tudunk k\u00f6lteni ezekre az int\u00e9zm\u00e9nyekre a N\u00e9meth Istv\u00e1n Program keret\u00e9n bel\u00fcl \u2013 emelte ki Szita K\u00e1roly polg\u00e1rmester a T\u00e1tika B\u00f6lcs\u0151d\u00e9ben, majd hozz\u00e1tette, ebb\u0151l az \u00f6sszegb\u0151l j\u00e1t\u00e9kokat \u00e9s \u00faj b\u00fatorokat v\u00e1s\u00e1roltak, ny\u00edl\u00e1sz\u00e1rt\u00f3kat cser\u00e9ltek, udvart rendeztek \u00e9s t\u00f6bbek k\u00f6z\u00f6tt vizesblokkokat is fel\u00faj\u00edtottak. A T\u00e1tika B\u00f6lcs\u0151de 24,5 milli\u00f3 forintb\u00f3l \u00fajult meg.<\/p>\n<\/blockquote>\n<p class=\"kv-page-content-paragraph\"><img loading=\"lazy\" class=\"alignnone size-full wp-image-3467\" src=\"https:\/\/otthon.kaposvar.hu\/wp-content\/uploads\/2018\/08\/14.jpg\" alt=\"\" width=\"4496\" height=\"3000\" srcset=\"https:\/\/otthon.kaposvar.hu\/wp-content\/uploads\/2018\/08\/14.jpg 4496w, https:\/\/otthon.kaposvar.hu\/wp-content\/uploads\/2018\/08\/14-300x200.jpg 300w, https:\/\/otthon.kaposvar.hu\/wp-content\/uploads\/2018\/08\/14-768x512.jpg 768w, https:\/\/otthon.kaposvar.hu\/wp-content\/uploads\/2018\/08\/14-1024x683.jpg 1024w, https:\/\/otthon.kaposvar.hu\/wp-content\/uploads\/2018\/08\/14-1920x1281.jpg 1920w\" sizes=\"(max-width: 4496px) 100vw, 4496px\" \/><br \/>\n\u2013 A felm\u00e9r\u00e9sek azt mutatj\u00e1k, hogy a fiatalok k\u00f6r\u00e9ben nem cs\u00f6kkent a gyermekv\u00e1llal\u00e1si kedv, ugyanakkor m\u00e9gsem sz\u00fcletik el\u00e9g gyermek. A probl\u00e9ma teh\u00e1t nem azzal van, hogy a p\u00e1rok nem szeretn\u00e9nek gyereket, sokkal ink\u00e1bb az a k\u00e9rd\u00e9s a sz\u00e1mukra, hogy vajon fel tudj\u00e1k-e nevelni \u0151ket, meg tudnak-e adni nekik mindent, amire sz\u00fcks\u00e9g\u00fck van. A gyermekv\u00e1llal\u00e1sba nem sz\u00f3lhatunk bele, de tudjuk \u0151ket seg\u00edteni annak \u00e9rdek\u00e9ben, hogy nyugodtan hozz\u00e1fogjanak a csal\u00e1dalap\u00edt\u00e1shoz. Tudunk seg\u00edteni abban, hogy legyen otthonuk, munkahely\u00fck \u00e9s legyen meg k\u00f6r\u00fcl\u00f6tt\u00fck az a v\u00e1rosi infrastrukt\u00fara, amely a gyermekv\u00e1llal\u00e1st k\u00f6nnyebb\u00e9 teszi. Ez\u00e9rt vezett\u00fck be a <a href=\"https:\/\/otthon.kaposvar.hu\/hu\/fejlodes\/gyarapodo-kaposvar\/\"><span style=\"color: #0000ff;\"><span style=\"color: #000000;\"><span style=\"color: #808080;\"><span style=\"color: #333333;\">Gyarapod\u00f3 <\/span><\/span><\/span><span style=\"color: #333333;\">Kaposv\u00e1r<\/span><\/span><\/a> programot, amelynek keret\u00e9ben ebben az esztend\u0151ben is sz\u00e1zmilli\u00f3 forinttal seg\u00edtj\u00fck a kaposv\u00e1ri p\u00e1rokat, csal\u00e1dokat. A CSOK-nak \u00e9s az \u00f6nkorm\u00e1nyzati t\u00e1mogat\u00e1soknak h\u00e1la sok \u00faj ingatlan \u00e9p\u00fcl, soha nem volt m\u00e9g olyan alacsony Kaposv\u00e1ron a munkan\u00e9lk\u00fclis\u00e9g, mint most, a b\u00f6lcs\u0151dei fejleszt\u00e9sek pedig az\u00e9rt is kiemelten fontosak, mert a modern int\u00e9zm\u00e9nyek \u00e9s a j\u00f3 pedag\u00f3gusok nagyban hozz\u00e1j\u00e1rulnak ahhoz, hogy a sz\u00fcl\u0151k bizalommal vigy\u00e9k gyermekeiket a b\u00f6lcs\u0151d\u00e9kbe \u2013 emelte ki Szita K\u00e1roly.<br \/>\n<img loading=\"lazy\" class=\"alignnone size-full wp-image-3468\" src=\"https:\/\/otthon.kaposvar.hu\/wp-content\/uploads\/2018\/08\/21.jpg\" alt=\"\" width=\"4496\" height=\"3000\" srcset=\"https:\/\/otthon.kaposvar.hu\/wp-content\/uploads\/2018\/08\/21.jpg 4496w, https:\/\/otthon.kaposvar.hu\/wp-content\/uploads\/2018\/08\/21-300x200.jpg 300w, https:\/\/otthon.kaposvar.hu\/wp-content\/uploads\/2018\/08\/21-768x512.jpg 768w, https:\/\/otthon.kaposvar.hu\/wp-content\/uploads\/2018\/08\/21-1024x683.jpg 1024w, https:\/\/otthon.kaposvar.hu\/wp-content\/uploads\/2018\/08\/21-1920x1281.jpg 1920w\" sizes=\"(max-width: 4496px) 100vw, 4496px\" \/><\/p>\n<div class=\"kv-page-margin-15\">\u00a0<\/div>\n<p><\/p>","protected":false},"excerpt":{"rendered":"<p>\u2013 Olyan m\u00e9g nem fordult el\u0151 a v\u00e1ros t\u00f6rt\u00e9net\u00e9ben, hogy mind az \u00f6t b\u00f6lcs\u0151d\u00e9nket egyszerre tudjuk fel\u00faj\u00edtani. R\u00e1ad\u00e1sul az is egyed\u00fcl\u00e1ll\u00f3, hogy 151 milli\u00f3 forintot tudunk k\u00f6lteni ezekre az int\u00e9zm\u00e9nyekre a N\u00e9meth Istv\u00e1n Program keret\u00e9n bel\u00fcl \u2013 emelte ki Szita K\u00e1roly polg\u00e1rmester a T\u00e1tika B\u00f6lcs\u0151d\u00e9ben, majd hozz\u00e1tette, ebb\u0151l az \u00f6sszegb\u0151l j\u00e1t\u00e9kokat \u00e9s \u00faj b\u00fatorokat v\u00e1s\u00e1roltak, [&hellip;]<\/p>\n","protected":false},"author":17,"featured_media":3466,"comment_status":"closed","ping_status":"closed","sticky":false,"template":"","format":"standard","meta":[],"categories":[3],"tags":[],"acf":[],"yoast_head":"<!-- This site is optimized with the Yoast SEO plugin v19.8 - https:\/\/yoast.com\/wordpress\/plugins\/seo\/ -->\n<title>Az \u00f6sszes kaposv\u00e1ri b\u00f6lcs\u0151de meg\u00fajult - Kaposv\u00e1r Megyei Jog\u00fa V\u00e1ros<\/title>\n<meta name=\"robots\" content=\"index, follow, max-snippet:-1, max-image-preview:large, max-video-preview:-1\" \/>\n<link rel=\"canonical\" href=\"https:\/\/otthon.kaposvar.hu\/hu\/hirek\/az-osszes-kaposvari-bolcsode-megujult\/\" \/>\n<meta property=\"og:locale\" content=\"hu_HU\" \/>\n<meta property=\"og:type\" content=\"article\" \/>\n<meta property=\"og:title\" content=\"Az \u00f6sszes kaposv\u00e1ri b\u00f6lcs\u0151de meg\u00fajult - Kaposv\u00e1r Megyei Jog\u00fa V\u00e1ros\" \/>\n<meta property=\"og:description\" content=\"\u2013 Olyan m\u00e9g nem fordult el\u0151 a v\u00e1ros t\u00f6rt\u00e9net\u00e9ben, hogy mind az \u00f6t b\u00f6lcs\u0151d\u00e9nket egyszerre tudjuk fel\u00faj\u00edtani. R\u00e1ad\u00e1sul az is egyed\u00fcl\u00e1ll\u00f3, hogy 151 milli\u00f3 forintot tudunk k\u00f6lteni ezekre az int\u00e9zm\u00e9nyekre a N\u00e9meth Istv\u00e1n Program keret\u00e9n bel\u00fcl \u2013 emelte ki Szita K\u00e1roly polg\u00e1rmester a T\u00e1tika B\u00f6lcs\u0151d\u00e9ben, majd hozz\u00e1tette, ebb\u0151l az \u00f6sszegb\u0151l j\u00e1t\u00e9kokat \u00e9s \u00faj b\u00fatorokat v\u00e1s\u00e1roltak, [&hellip;]\" \/>\n<meta property=\"og:url\" content=\"https:\/\/otthon.kaposvar.hu\/hu\/hirek\/az-osszes-kaposvari-bolcsode-megujult\/\" \/>\n<meta property=\"og:site_name\" content=\"Kaposv\u00e1r Megyei Jog\u00fa V\u00e1ros\" \/>\n<meta property=\"article:publisher\" content=\"https:\/\/www.facebook.com\/cityofkaposvar\/\" \/>\n<meta property=\"article:published_time\" content=\"2018-08-29T14:33:48+00:00\" \/>\n<meta property=\"article:modified_time\" content=\"2018-08-29T14:43:04+00:00\" \/>\n<meta property=\"og:image\" content=\"https:\/\/otthon.kaposvar.hu\/wp-content\/uploads\/2018\/08\/13.jpg\" \/>\n\t<meta property=\"og:image:width\" content=\"4496\" \/>\n\t<meta property=\"og:image:height\" content=\"3000\" \/>\n\t<meta property=\"og:image:type\" content=\"image\/jpeg\" \/>\n<meta name=\"author\" content=\"kaposvarsajto\" \/>\n<meta name=\"twitter:card\" content=\"summary_large_image\" \/>\n<meta name=\"twitter:label1\" content=\"Szerz\u0151:\" \/>\n\t<meta name=\"twitter:data1\" content=\"kaposvarsajto\" \/>\n\t<meta name=\"twitter:label2\" content=\"Becs\u00fclt olvas\u00e1si id\u0151\" \/>\n\t<meta name=\"twitter:data2\" content=\"2 perc\" \/>\n<script type=\"application\/ld+json\" class=\"yoast-schema-graph\">{\"@context\":\"https:\/\/schema.org\",\"@graph\":[{\"@type\":\"Article\",\"@id\":\"https:\/\/otthon.kaposvar.hu\/hu\/hirek\/az-osszes-kaposvari-bolcsode-megujult\/#article\",\"isPartOf\":{\"@id\":\"https:\/\/otthon.kaposvar.hu\/hu\/hirek\/az-osszes-kaposvari-bolcsode-megujult\/\"},\"author\":{\"name\":\"kaposvarsajto\",\"@id\":\"https:\/\/otthon.kaposvar.hu\/hu\/#\/schema\/person\/cca27180656f8017557a44cdd66a6abd\"},\"headline\":\"Az \u00f6sszes kaposv\u00e1ri b\u00f6lcs\u0151de meg\u00fajult\",\"datePublished\":\"2018-08-29T14:33:48+00:00\",\"dateModified\":\"2018-08-29T14:43:04+00:00\",\"mainEntityOfPage\":{\"@id\":\"https:\/\/otthon.kaposvar.hu\/hu\/hirek\/az-osszes-kaposvari-bolcsode-megujult\/\"},\"wordCount\":369,\"publisher\":{\"@id\":\"https:\/\/otthon.kaposvar.hu\/hu\/#organization\"},\"articleSection\":[\"H\u00edrek\"],\"inLanguage\":\"hu\"},{\"@type\":\"WebPage\",\"@id\":\"https:\/\/otthon.kaposvar.hu\/hu\/hirek\/az-osszes-kaposvari-bolcsode-megujult\/\",\"url\":\"https:\/\/otthon.kaposvar.hu\/hu\/hirek\/az-osszes-kaposvari-bolcsode-megujult\/\",\"name\":\"Az \u00f6sszes kaposv\u00e1ri b\u00f6lcs\u0151de meg\u00fajult - Kaposv\u00e1r Megyei Jog\u00fa V\u00e1ros\",\"isPartOf\":{\"@id\":\"https:\/\/otthon.kaposvar.hu\/hu\/#website\"},\"datePublished\":\"2018-08-29T14:33:48+00:00\",\"dateModified\":\"2018-08-29T14:43:04+00:00\",\"breadcrumb\":{\"@id\":\"https:\/\/otthon.kaposvar.hu\/hu\/hirek\/az-osszes-kaposvari-bolcsode-megujult\/#breadcrumb\"},\"inLanguage\":\"hu\",\"potentialAction\":[{\"@type\":\"ReadAction\",\"target\":[[\"https:\/\/otthon.kaposvar.hu\/hu\/hirek\/az-osszes-kaposvari-bolcsode-megujult\/\"]]}]},{\"@type\":\"BreadcrumbList\",\"@id\":\"https:\/\/otthon.kaposvar.hu\/hu\/hirek\/az-osszes-kaposvari-bolcsode-megujult\/#breadcrumb\",\"itemListElement\":[{\"@type\":\"ListItem\",\"position\":1,\"name\":\"Home\",\"item\":\"https:\/\/otthon.kaposvar.hu\/hu\/\"},{\"@type\":\"ListItem\",\"position\":2,\"name\":\"Az \u00f6sszes kaposv\u00e1ri b\u00f6lcs\u0151de meg\u00fajult\"}]},{\"@type\":\"WebSite\",\"@id\":\"https:\/\/otthon.kaposvar.hu\/hu\/#website\",\"url\":\"https:\/\/otthon.kaposvar.hu\/hu\/\",\"name\":\"Kaposv\u00e1r Megyei Jog\u00fa V\u00e1ros\",\"description\":\"\",\"publisher\":{\"@id\":\"https:\/\/otthon.kaposvar.hu\/hu\/#organization\"},\"potentialAction\":[{\"@type\":\"SearchAction\",\"target\":{\"@type\":\"EntryPoint\",\"urlTemplate\":\"https:\/\/otthon.kaposvar.hu\/hu\/?s={search_term_string}\"},\"query-input\":\"required name=search_term_string\"}],\"inLanguage\":\"hu\"},{\"@type\":\"Organization\",\"@id\":\"https:\/\/otthon.kaposvar.hu\/hu\/#organization\",\"name\":\"Kaposv\u00e1r Megyei Jog\u00fa V\u00e1ros\",\"url\":\"https:\/\/otthon.kaposvar.hu\/hu\/\",\"sameAs\":[\"https:\/\/www.instagram.com\/cityofkaposvar\/\",\"https:\/\/www.facebook.com\/cityofkaposvar\/\"],\"logo\":{\"@type\":\"ImageObject\",\"inLanguage\":\"hu\",\"@id\":\"https:\/\/otthon.kaposvar.hu\/hu\/#\/schema\/logo\/image\/\",\"url\":\"https:\/\/otthon.kaposvar.hu\/wp-content\/uploads\/2021\/10\/kaposvar_social.jpg\",\"contentUrl\":\"https:\/\/otthon.kaposvar.hu\/wp-content\/uploads\/2021\/10\/kaposvar_social.jpg\",\"width\":1200,\"height\":900,\"caption\":\"Kaposv\u00e1r Megyei Jog\u00fa V\u00e1ros\"},\"image\":{\"@id\":\"https:\/\/otthon.kaposvar.hu\/hu\/#\/schema\/logo\/image\/\"}},{\"@type\":\"Person\",\"@id\":\"https:\/\/otthon.kaposvar.hu\/hu\/#\/schema\/person\/cca27180656f8017557a44cdd66a6abd\",\"name\":\"kaposvarsajto\",\"image\":{\"@type\":\"ImageObject\",\"inLanguage\":\"hu\",\"@id\":\"https:\/\/otthon.kaposvar.hu\/hu\/#\/schema\/person\/image\/\",\"url\":\"https:\/\/secure.gravatar.com\/avatar\/e1f53300c4f0fc7bbcf58af47dd14808?s=96&d=mm&r=g\",\"contentUrl\":\"https:\/\/secure.gravatar.com\/avatar\/e1f53300c4f0fc7bbcf58af47dd14808?s=96&d=mm&r=g\",\"caption\":\"kaposvarsajto\"}}]}<\/script>\n<!-- \/ Yoast SEO plugin. -->","yoast_head_json":{"title":"Az \u00f6sszes kaposv\u00e1ri b\u00f6lcs\u0151de meg\u00fajult - Kaposv\u00e1r Megyei Jog\u00fa V\u00e1ros","robots":{"index":"index","follow":"follow","max-snippet":"max-snippet:-1","max-image-preview":"max-image-preview:large","max-video-preview":"max-video-preview:-1"},"canonical":"https:\/\/otthon.kaposvar.hu\/hu\/hirek\/az-osszes-kaposvari-bolcsode-megujult\/","og_locale":"hu_HU","og_type":"article","og_title":"Az \u00f6sszes kaposv\u00e1ri b\u00f6lcs\u0151de meg\u00fajult - Kaposv\u00e1r Megyei Jog\u00fa V\u00e1ros","og_description":"\u2013 Olyan m\u00e9g nem fordult el\u0151 a v\u00e1ros t\u00f6rt\u00e9net\u00e9ben, hogy mind az \u00f6t b\u00f6lcs\u0151d\u00e9nket egyszerre tudjuk fel\u00faj\u00edtani. R\u00e1ad\u00e1sul az is egyed\u00fcl\u00e1ll\u00f3, hogy 151 milli\u00f3 forintot tudunk k\u00f6lteni ezekre az int\u00e9zm\u00e9nyekre a N\u00e9meth Istv\u00e1n Program keret\u00e9n bel\u00fcl \u2013 emelte ki Szita K\u00e1roly polg\u00e1rmester a T\u00e1tika B\u00f6lcs\u0151d\u00e9ben, majd hozz\u00e1tette, ebb\u0151l az \u00f6sszegb\u0151l j\u00e1t\u00e9kokat \u00e9s \u00faj b\u00fatorokat v\u00e1s\u00e1roltak, [&hellip;]","og_url":"https:\/\/otthon.kaposvar.hu\/hu\/hirek\/az-osszes-kaposvari-bolcsode-megujult\/","og_site_name":"Kaposv\u00e1r Megyei Jog\u00fa V\u00e1ros","article_publisher":"https:\/\/www.facebook.com\/cityofkaposvar\/","article_published_time":"2018-08-29T14:33:48+00:00","article_modified_time":"2018-08-29T14:43:04+00:00","og_image":[{"width":4496,"height":3000,"url":"https:\/\/otthon.kaposvar.hu\/wp-content\/uploads\/2018\/08\/13.jpg","type":"image\/jpeg"}],"author":"kaposvarsajto","twitter_card":"summary_large_image","twitter_misc":{"Szerz\u0151:":"kaposvarsajto","Becs\u00fclt olvas\u00e1si id\u0151":"2 perc"},"schema":{"@context":"https:\/\/schema.org","@graph":[{"@type":"Article","@id":"https:\/\/otthon.kaposvar.hu\/hu\/hirek\/az-osszes-kaposvari-bolcsode-megujult\/#article","isPartOf":{"@id":"https:\/\/otthon.kaposvar.hu\/hu\/hirek\/az-osszes-kaposvari-bolcsode-megujult\/"},"author":{"name":"kaposvarsajto","@id":"https:\/\/otthon.kaposvar.hu\/hu\/#\/schema\/person\/cca27180656f8017557a44cdd66a6abd"},"headline":"Az \u00f6sszes kaposv\u00e1ri b\u00f6lcs\u0151de meg\u00fajult","datePublished":"2018-08-29T14:33:48+00:00","dateModified":"2018-08-29T14:43:04+00:00","mainEntityOfPage":{"@id":"https:\/\/otthon.kaposvar.hu\/hu\/hirek\/az-osszes-kaposvari-bolcsode-megujult\/"},"wordCount":369,"publisher":{"@id":"https:\/\/otthon.kaposvar.hu\/hu\/#organization"},"articleSection":["H\u00edrek"],"inLanguage":"hu"},{"@type":"WebPage","@id":"https:\/\/otthon.kaposvar.hu\/hu\/hirek\/az-osszes-kaposvari-bolcsode-megujult\/","url":"https:\/\/otthon.kaposvar.hu\/hu\/hirek\/az-osszes-kaposvari-bolcsode-megujult\/","name":"Az \u00f6sszes kaposv\u00e1ri b\u00f6lcs\u0151de meg\u00fajult - Kaposv\u00e1r Megyei Jog\u00fa V\u00e1ros","isPartOf":{"@id":"https:\/\/otthon.kaposvar.hu\/hu\/#website"},"datePublished":"2018-08-29T14:33:48+00:00","dateModified":"2018-08-29T14:43:04+00:00","breadcrumb":{"@id":"https:\/\/otthon.kaposvar.hu\/hu\/hirek\/az-osszes-kaposvari-bolcsode-megujult\/#breadcrumb"},"inLanguage":"hu","potentialAction":[{"@type":"ReadAction","target":[["https:\/\/otthon.kaposvar.hu\/hu\/hirek\/az-osszes-kaposvari-bolcsode-megujult\/"]]}]},{"@type":"BreadcrumbList","@id":"https:\/\/otthon.kaposvar.hu\/hu\/hirek\/az-osszes-kaposvari-bolcsode-megujult\/#breadcrumb","itemListElement":[{"@type":"ListItem","position":1,"name":"Home","item":"https:\/\/otthon.kaposvar.hu\/hu\/"},{"@type":"ListItem","position":2,"name":"Az \u00f6sszes kaposv\u00e1ri b\u00f6lcs\u0151de meg\u00fajult"}]},{"@type":"WebSite","@id":"https:\/\/otthon.kaposvar.hu\/hu\/#website","url":"https:\/\/otthon.kaposvar.hu\/hu\/","name":"Kaposv\u00e1r Megyei Jog\u00fa V\u00e1ros","description":"","publisher":{"@id":"https:\/\/otthon.kaposvar.hu\/hu\/#organization"},"potentialAction":[{"@type":"SearchAction","target":{"@type":"EntryPoint","urlTemplate":"https:\/\/otthon.kaposvar.hu\/hu\/?s={search_term_string}"},"query-input":"required name=search_term_string"}],"inLanguage":"hu"},{"@type":"Organization","@id":"https:\/\/otthon.kaposvar.hu\/hu\/#organization","name":"Kaposv\u00e1r Megyei Jog\u00fa V\u00e1ros","url":"https:\/\/otthon.kaposvar.hu\/hu\/","sameAs":["https:\/\/www.instagram.com\/cityofkaposvar\/","https:\/\/www.facebook.com\/cityofkaposvar\/"],"logo":{"@type":"ImageObject","inLanguage":"hu","@id":"https:\/\/otthon.kaposvar.hu\/hu\/#\/schema\/logo\/image\/","url":"https:\/\/otthon.kaposvar.hu\/wp-content\/uploads\/2021\/10\/kaposvar_social.jpg","contentUrl":"https:\/\/otthon.kaposvar.hu\/wp-content\/uploads\/2021\/10\/kaposvar_social.jpg","width":1200,"height":900,"caption":"Kaposv\u00e1r Megyei Jog\u00fa V\u00e1ros"},"image":{"@id":"https:\/\/otthon.kaposvar.hu\/hu\/#\/schema\/logo\/image\/"}},{"@type":"Person","@id":"https:\/\/otthon.kaposvar.hu\/hu\/#\/schema\/person\/cca27180656f8017557a44cdd66a6abd","name":"kaposvarsajto","image":{"@type":"ImageObject","inLanguage":"hu","@id":"https:\/\/otthon.kaposvar.hu\/hu\/#\/schema\/person\/image\/","url":"https:\/\/secure.gravatar.com\/avatar\/e1f53300c4f0fc7bbcf58af47dd14808?s=96&d=mm&r=g","contentUrl":"https:\/\/secure.gravatar.com\/avatar\/e1f53300c4f0fc7bbcf58af47dd14808?s=96&d=mm&r=g","caption":"kaposvarsajto"}}]}},"_links":{"self":[{"href":"https:\/\/otthon.kaposvar.hu\/hu\/wp-json\/wp\/v2\/posts\/3465"}],"collection":[{"href":"https:\/\/otthon.kaposvar.hu\/hu\/wp-json\/wp\/v2\/posts"}],"about":[{"href":"https:\/\/otthon.kaposvar.hu\/hu\/wp-json\/wp\/v2\/types\/post"}],"author":[{"embeddable":true,"href":"https:\/\/otthon.kaposvar.hu\/hu\/wp-json\/wp\/v2\/users\/17"}],"replies":[{"embeddable":true,"href":"https:\/\/otthon.kaposvar.hu\/hu\/wp-json\/wp\/v2\/comments?post=3465"}],"version-history":[{"count":0,"href":"https:\/\/otthon.kaposvar.hu\/hu\/wp-json\/wp\/v2\/posts\/3465\/revisions"}],"wp:featuredmedia":[{"embeddable":true,"href":"https:\/\/otthon.kaposvar.hu\/hu\/wp-json\/wp\/v2\/media\/3466"}],"wp:attachment":[{"href":"https:\/\/otthon.kaposvar.hu\/hu\/wp-json\/wp\/v2\/media?parent=3465"}],"wp:term":[{"taxonomy":"category","embeddable":true,"href":"https:\/\/otthon.kaposvar.hu\/hu\/wp-json\/wp\/v2\/categories?post=3465"},{"taxonomy":"post_tag","embeddable":true,"href":"https:\/\/otthon.kaposvar.hu\/hu\/wp-json\/wp\/v2\/tags?post=3465"}],"curies":[{"name":"wp","href":"https:\/\/api.w.org\/{rel}","templated":true}]}}