{"id":1870,"date":"2018-09-02T13:40:53","date_gmt":"2018-09-02T12:40:53","guid":{"rendered":"http:\/\/lakossag.gyori.co.hu\/?p=1870"},"modified":"2018-09-05T10:50:45","modified_gmt":"2018-09-05T09:50:45","slug":"nemeth-istvan-program","status":"publish","type":"post","link":"https:\/\/otthon.kaposvar.hu\/hu\/fejlodes\/nemeth-istvan-program\/","title":{"rendered":"N\u00e9meth Istv\u00e1n Program"},"content":{"rendered":"<p><\/p>\n<h2 class=\"kv-page-content-paragraph kv-page-content-title\">Tisztelt Kaposv\u00e1riak!<\/h2>\n<div class=\"kv-page-margin-05\">\u00a0<\/div>\n<p class=\"kv-page-content-paragraph\">\u00d3ri\u00e1si lehet\u0151s\u00e9g el\u0151tt \u00e1ll v\u00e1rosunk. T\u00f6bb\u00e9ves el\u0151k\u00e9sz\u00edt\u00e9s ut\u00e1n megkezdj\u00fck Kaposv\u00e1ron az \u00e9vsz\u00e1zad beruh\u00e1z\u00e1si programj\u00e1t, amelyet N\u00e9meth Istv\u00e1nr\u00f3l, a 20. sz\u00e1zad elej\u00e9nek jeles v\u00e1ros\u00e9p\u00edt\u0151 polg\u00e1rmester\u00e9r\u0151l nevezt\u00fcnk el.<\/p>\n<p class=\"kv-page-content-paragraph\">A k\u00f6vetkez\u0151 h\u00e1rom \u00e9vben nagyobb fejl\u0151d\u00e9st fogunk \u00e9rz\u00e9kelni v\u00e1rosunkban, mint az elm\u00falt k\u00e9t \u00e9s f\u00e9l \u00e9vtizedben \u00f6sszesen. A Modern V\u00e1rosok Program \u00e9s a Ter\u00fcleti Operat\u00edv Program forr\u00e1sainak k\u00f6sz\u00f6nhet\u0151en t\u00f6bb mint 170 milli\u00e1rd forintot ford\u00edtunk arra, hogy Kaposv\u00e1r haz\u00e1nk m\u00e9g er\u0151sebb, m\u00e9g biztons\u00e1gosabb, m\u00e9g eg\u00e9szs\u00e9gesebb \u00e9s m\u00e9g z\u00f6ldebb v\u00e1ros\u00e1v\u00e1 v\u00e1ljon.<\/p>\n<p class=\"kv-page-content-paragraph\">Ez az oldal a N\u00e9meth Istv\u00e1n Program el\u0151tt\u00fcnk \u00e1ll\u00f3 fejleszt\u00e9seit mutatja be r\u00f6viden, fot\u00f3kkal \u00e9s l\u00e1tv\u00e1nytervekkel illusztr\u00e1ltan.<\/p>\n<p class=\"kv-page-content-paragraph\">Legf\u0151bb c\u00e9lunk az \u00e9vek sor\u00e1n nem v\u00e1ltozott: olyan v\u00e1rost akarunk \u00e9p\u00edteni, amelyben j\u00f3 \u00e9lni, amelyben mindenki megtal\u00e1lja sz\u00e1m\u00edt\u00e1s\u00e1t, s amelyben er\u0151s k\u00f6z\u00f6ss\u00e9g\u00fcnk \u00fajabb c\u00e9lokat k\u00e9pes megfogalmazni \u00e9s el\u00e9rni.<\/p>\n<p class=\"kv-page-content-paragraph\">Biztos vagyok abban, hogy a beruh\u00e1z\u00e1sok eredm\u00e9nyek\u00e9nt n\u00e9h\u00e1ny \u00e9ven bel\u00fcl b\u00e1tran mondhatjuk: Kaposv\u00e1r \u00fajra egy b\u00fcszke, sikeres korszakba l\u00e9pett, mert mindazt el\u00e9rhet\u0151v\u00e9 teszi valamennyi\u00fcnk sz\u00e1m\u00e1ra, ami Nyugat-Eur\u00f3p\u00e1ban ma term\u00e9szetes.<\/p>\n<p class=\"kv-page-content-paragraph\">Kaposv\u00e1rt az elm\u00falt \u00e9vekben is er\u0151s k\u00f6z\u00f6ss\u00e9g\u00fcnk form\u00e1lta \u00e9lhet\u0151 v\u00e1ross\u00e1, ez\u00e9rt az el\u0151tt\u00fcnk \u00e1ll\u00f3 id\u0151szak munk\u00e1j\u00e1ban is sz\u00e1m\u00edtok \u00d6n\u00f6kre!<\/p>\n<div class=\"kv-page-content-paragraph kv-page-margin-05\">\u00a0<\/div>\n<p class=\"kv-page-content-paragraph\">Kaposv\u00e1r, 2017 janu\u00e1rja<\/p>\n<div class=\"kv-page-margin-05\">\u00a0<\/div>\n<p class=\"kv-page-content-paragraph\">Tisztelettel:<\/p>\n<p><img loading=\"lazy\" class=\"wp-image-1511 alignleft\" src=\"https:\/\/otthon.kaposvar.hu\/wp-content\/uploads\/2017\/05\/Polg\u00e1rmesteri-k\u00f6sz\u00f6nt\u0151-al\u00e1\u00edr\u00e1s-1.jpg\" alt=\"\" width=\"129\" height=\"53\" srcset=\"https:\/\/otthon.kaposvar.hu\/wp-content\/uploads\/2017\/05\/Polg\u00e1rmesteri-k\u00f6sz\u00f6nt\u0151-al\u00e1\u00edr\u00e1s-1.jpg 820w, https:\/\/otthon.kaposvar.hu\/wp-content\/uploads\/2017\/05\/Polg\u00e1rmesteri-k\u00f6sz\u00f6nt\u0151-al\u00e1\u00edr\u00e1s-1-300x123.jpg 300w, https:\/\/otthon.kaposvar.hu\/wp-content\/uploads\/2017\/05\/Polg\u00e1rmesteri-k\u00f6sz\u00f6nt\u0151-al\u00e1\u00edr\u00e1s-1-768x315.jpg 768w\" sizes=\"(max-width: 129px) 100vw, 129px\" \/><\/p>\n<p class=\"kv-page-content-paragraph\"><strong>Szita K\u00e1roly<\/strong><br \/>\n <em>polg\u00e1rmester<\/em><\/p>\n<div class=\"kv-page-margin-1\">\u00a0<\/div>\n<p><img loading=\"lazy\" class=\"alignnone size-large wp-image-1493\" src=\"https:\/\/otthon.kaposvar.hu\/wp-content\/uploads\/2017\/05\/01-iskola_web-1024x768.jpg\" alt=\"\" width=\"1024\" height=\"768\" srcset=\"https:\/\/otthon.kaposvar.hu\/wp-content\/uploads\/2017\/05\/01-iskola_web-1024x768.jpg 1024w, https:\/\/otthon.kaposvar.hu\/wp-content\/uploads\/2017\/05\/01-iskola_web-300x225.jpg 300w, https:\/\/otthon.kaposvar.hu\/wp-content\/uploads\/2017\/05\/01-iskola_web-768x576.jpg 768w, https:\/\/otthon.kaposvar.hu\/wp-content\/uploads\/2017\/05\/01-iskola_web.jpg 2000w\" sizes=\"(max-width: 1024px) 100vw, 1024px\" \/><\/p>\n<div class=\"kv-page-margin-1\">\u00a0<\/div>\n<h2 class=\"kv-page-content-paragraph kv-page-content-title\">Iskol\u00e1ink energetikai korszer\u0171s\u00edt\u00e9se: 1,78 milli\u00e1rd forint<\/h2>\n<p class=\"kv-page-content-paragraph\">Napelemes rendszerek telep\u00edt\u00e9se \u00e9p\u00fcleteinkre: tov\u00e1bbi 340 milli\u00f3 forint.<\/p>\n<p class=\"kv-page-content-paragraph\">A k\u00f6zoktat\u00e1s \u00e1llami feladat lett, de mi, kaposv\u00e1riak a tov\u00e1bbiakban is felel\u0151ss\u00e9get \u00e9rz\u00fcnk az oktat\u00e1s\u00e9rt. Ez\u00e9rt k\u00f6lt\u00fcnk sz\u00e1zmilli\u00f3kat iskola\u00e9p\u00fcleteink fel\u00faj\u00edt\u00e1s\u00e1ra, energetikai korszer\u0171s\u00edt\u00e9s\u00e9re.<\/p>\n<p class=\"kv-page-content-paragraph\">\u00c1ltal\u00e1nos \u00e9s k\u00f6z\u00e9piskol\u00e1ink mellett napelemeket tesz\u00fcnk t\u00f6bbek k\u00f6z\u00f6tt a sportcsarnok, az RG-csarnok, a S\u00e1vh\u00e1z, a v\u00e1rosh\u00e1za, a Vir\u00e1gf\u00fcrd\u0151 \u00e9s t\u00f6bb \u00f3vod\u00e1nk tetej\u00e9re is.<\/p>\n<div class=\"kv-page-margin-1\">\u00a0<\/div>\n<p><img loading=\"lazy\" class=\"alignnone size-large wp-image-1494\" src=\"https:\/\/otthon.kaposvar.hu\/wp-content\/uploads\/2017\/05\/02-bolcsode_web-1024x576.jpg\" alt=\"\" width=\"1024\" height=\"576\" srcset=\"https:\/\/otthon.kaposvar.hu\/wp-content\/uploads\/2017\/05\/02-bolcsode_web-1024x576.jpg 1024w, https:\/\/otthon.kaposvar.hu\/wp-content\/uploads\/2017\/05\/02-bolcsode_web-300x169.jpg 300w, https:\/\/otthon.kaposvar.hu\/wp-content\/uploads\/2017\/05\/02-bolcsode_web-768x432.jpg 768w, https:\/\/otthon.kaposvar.hu\/wp-content\/uploads\/2017\/05\/02-bolcsode_web.jpg 1920w\" sizes=\"(max-width: 1024px) 100vw, 1024px\" \/><\/p>\n<div class=\"kv-page-margin-1\">\u00a0<\/div>\n<h2 class=\"kv-page-content-paragraph kv-page-content-title\">B\u00f6lcs\u0151d\u00e9ink, \u00f3vod\u00e1ink fejleszt\u00e9se: 601 milli\u00f3 forint<\/h2>\n<p class=\"kv-page-content-paragraph\">Gyermekeink a legfontosabbak! Meg\u00fajulnak \u00f3vod\u00e1ink \u00e9s b\u00f6lcs\u0151d\u00e9ink is. Tornaszob\u00e1t, mosd\u00f3kat alak\u00edtunk ki, \u00faj j\u00e1t\u00e9kokat v\u00e1s\u00e1rolunk, t\u00e9rburkolatot \u00e9p\u00edt\u00fcnk, \u00faj b\u00fatorokat szerz\u00fcnk be, \u00e9s a f\u0171t\u00e9st is korszer\u0171s\u00edtj\u00fck.<\/p>\n<div class=\"kv-page-margin-1\">\u00a0<\/div>\n<p><img loading=\"lazy\" class=\"alignnone size-large wp-image-1495\" src=\"https:\/\/otthon.kaposvar.hu\/wp-content\/uploads\/2017\/05\/03-orvosi-rendelo_web-1024x681.jpg\" alt=\"\" width=\"1024\" height=\"681\" srcset=\"https:\/\/otthon.kaposvar.hu\/wp-content\/uploads\/2017\/05\/03-orvosi-rendelo_web-1024x681.jpg 1024w, https:\/\/otthon.kaposvar.hu\/wp-content\/uploads\/2017\/05\/03-orvosi-rendelo_web-300x200.jpg 300w, https:\/\/otthon.kaposvar.hu\/wp-content\/uploads\/2017\/05\/03-orvosi-rendelo_web-768x511.jpg 768w, https:\/\/otthon.kaposvar.hu\/wp-content\/uploads\/2017\/05\/03-orvosi-rendelo_web.jpg 2000w\" sizes=\"(max-width: 1024px) 100vw, 1024px\" \/><\/p>\n<div class=\"kv-page-margin-1\">\u00a0<\/div>\n<h2 class=\"kv-page-content-paragraph kv-page-content-title\">Orvosi rendel\u0151k, v\u00e9d\u0151n\u0151i szob\u00e1k korszer\u0171s\u00edt\u00e9se: 205 milli\u00f3 forint<\/h2>\n<p class=\"kv-page-content-paragraph\">Id\u00e9n fel\u00faj\u00edtottuk a R\u00e9t utcai \u00e9s a B\u00e9ke\u2013F\u00fcredi lak\u00f3telepen l\u00e9v\u0151 orvosi rendel\u0151inket. Programunkat folytatjuk.<\/p>\n<p class=\"kv-page-content-paragraph\">A Tin\u00f3di utc\u00e1ban l\u00e9v\u0151 orvosi rendel\u0151 nem a v\u00e1ros tulajdona, ez\u00e9rt \u00faj orvosi rendel\u0151t \u00e9p\u00edt\u00fcnk a Cseri v\u00e1rosr\u00e9szben, mely 9400 ott \u00e9l\u0151nek biztos\u00edtja a gy\u00f3gyul\u00e1s lehet\u0151s\u00e9g\u00e9t.<\/p>\n<p class=\"kv-page-content-paragraph\">Emellett tov\u00e1bbi kilenc rendel\u0151t, tan\u00e1csad\u00f3-helyis\u00e9get \u00faj\u00edtunk fel az Erd\u0151sor utcai, a 48-as ifj\u00fas\u00e1g \u00fatj\u00e1n lev\u0151 \u00e9s a topon\u00e1ri orvosi rendel\u0151ben.<\/p>\n<div class=\"kv-page-margin-1\">\u00a0<\/div>\n<p><img loading=\"lazy\" class=\"alignnone size-large wp-image-1512\" src=\"https:\/\/otthon.kaposvar.hu\/wp-content\/uploads\/2017\/05\/04-terhesgondozo_web-1024x682.jpg\" alt=\"\" width=\"1024\" height=\"682\" srcset=\"https:\/\/otthon.kaposvar.hu\/wp-content\/uploads\/2017\/05\/04-terhesgondozo_web-1024x682.jpg 1024w, https:\/\/otthon.kaposvar.hu\/wp-content\/uploads\/2017\/05\/04-terhesgondozo_web-300x200.jpg 300w, https:\/\/otthon.kaposvar.hu\/wp-content\/uploads\/2017\/05\/04-terhesgondozo_web-768x512.jpg 768w, https:\/\/otthon.kaposvar.hu\/wp-content\/uploads\/2017\/05\/04-terhesgondozo_web.jpg 2000w\" sizes=\"(max-width: 1024px) 100vw, 1024px\" \/><\/p>\n<div class=\"kv-page-margin-1\">\u00a0<\/div>\n<h2 class=\"kv-page-content-paragraph kv-page-content-title\">\u00daj terhesgondoz\u00f3nk lesz a teljesen fel\u00faj\u00edtand\u00f3 Ezred\u00e9v utcai \u00e9p\u00fcletegy\u00fcttesben: 295 milli\u00f3 forint<\/h2>\n<p class=\"kv-page-content-paragraph\">Az Ezred\u00e9v utcai terhesgondoz\u00f3t a teljesk\u00f6r\u0171en meg\u00fajul\u00f3 utcafronti \u00e9p\u00fcletbe k\u00f6lt\u00f6ztetj\u00fck \u00e1t.<\/p>\n<p>&nbsp;<\/p>\n<p><img loading=\"lazy\" class=\"alignnone size-large wp-image-1513\" src=\"https:\/\/otthon.kaposvar.hu\/wp-content\/uploads\/2017\/05\/05-sportcsarnok-1024x576.jpg\" alt=\"\" width=\"1024\" height=\"576\" srcset=\"https:\/\/otthon.kaposvar.hu\/wp-content\/uploads\/2017\/05\/05-sportcsarnok-1024x576.jpg 1024w, https:\/\/otthon.kaposvar.hu\/wp-content\/uploads\/2017\/05\/05-sportcsarnok-300x169.jpg 300w, https:\/\/otthon.kaposvar.hu\/wp-content\/uploads\/2017\/05\/05-sportcsarnok-768x432.jpg 768w, https:\/\/otthon.kaposvar.hu\/wp-content\/uploads\/2017\/05\/05-sportcsarnok.jpg 1920w\" sizes=\"(max-width: 1024px) 100vw, 1024px\" \/><\/p>\n<p>&nbsp;<\/p>\n<h2 class=\"kv-page-content-title\">\u00daj sportcsarnok \u00e9p\u00edt\u00e9se: 5,7 milli\u00e1rd forint<\/h2>\n<p class=\"kv-page-content-paragraph\">\u00daj sportcsarnokunk sz\u00e1mtalan sport\u00e1g \u00e9s kultur\u00e1lis rendezv\u00e9ny otthona lesz.<\/p>\n<p class=\"kv-page-content-paragraph\">A t\u00f6bbfunkci\u00f3s k\u00fczd\u0151teret els\u0151sorban a r\u00f6plabd\u00e1z\u00f3k, kos\u00e1rlabd\u00e1z\u00f3k \u00e9s k\u00e9zilabd\u00e1z\u00f3k ig\u00e9nyeinek megfelel\u0151en alak\u00edtjuk ki. De a birk\u00f3z\u00e1s \u00e9s a dzs\u00fad\u00f3 k\u00e9pvisel\u0151i is helyet kapnak az \u00faj csarnokban.<\/p>\n<p class=\"kv-page-content-paragraph\">Terveink szerint a j\u00f6v\u0151ben nemcsak hazai, hanem nemzetk\u00f6zi sportesem\u00e9nyek m\u00e9lt\u00f3 helysz\u00edne is lesz.<\/p>\n<p class=\"kv-page-content-paragraph\">A\u00a0v\u00e1ros legnagyobb, n\u00e9gyezer f\u0151 befogad\u00e1s\u00e1ra is alkalmas rendezv\u00e9nyterm\u00e9t \u00e9p\u00edtj\u00fck meg.<\/p>\n<div class=\"kv-page-margin-1\">\u00a0<\/div>\n<p><img loading=\"lazy\" class=\"alignnone size-large wp-image-1514\" src=\"https:\/\/otthon.kaposvar.hu\/wp-content\/uploads\/2017\/05\/06-versenyuszoda-1024x576.jpg\" alt=\"\" width=\"1024\" height=\"576\" srcset=\"https:\/\/otthon.kaposvar.hu\/wp-content\/uploads\/2017\/05\/06-versenyuszoda-1024x576.jpg 1024w, https:\/\/otthon.kaposvar.hu\/wp-content\/uploads\/2017\/05\/06-versenyuszoda-300x169.jpg 300w, https:\/\/otthon.kaposvar.hu\/wp-content\/uploads\/2017\/05\/06-versenyuszoda-768x432.jpg 768w, https:\/\/otthon.kaposvar.hu\/wp-content\/uploads\/2017\/05\/06-versenyuszoda.jpg 1920w\" sizes=\"(max-width: 1024px) 100vw, 1024px\" \/><\/p>\n<div class=\"kv-page-margin-1\">\u00a0<\/div>\n<h2 class=\"kv-page-content-paragraph kv-page-content-title\">\u00daj versenyuszoda \u00e9p\u00edt\u00e9se: 5,7 milli\u00e1rd forint<\/h2>\n<p class=\"kv-page-content-paragraph\">Fel\u00e9p\u00edtj\u00fck vizes sport\u00e1gaink \u00faj fellegv\u00e1r\u00e1t.<\/p>\n<p class=\"kv-page-content-paragraph\">A kaposv\u00e1ri f\u00fcrd\u0151h\u00f6z szervesen kapcsol\u00f3d\u00f3 \u00faj, 50 m\u00e9teres, t\u00edzp\u00e1ly\u00e1s, minim\u00e1lis energiafelhaszn\u00e1l\u00e1s\u00fa, a nemzetk\u00f6zi FINA-szabv\u00e1nynak megfelel\u0151 versenyuszoda otthona lesz a v\u00edzilabd\u00e1nak, az \u00fasz\u00e1snak, az uszonyos \u00e9s b\u00fav\u00e1r\u00fasz\u00e1snak, valamint a szinkron\u00fasz\u00e1snak is. Ennek megfelel\u0151en alak\u00edtjuk ki a t\u00f6bbfunkci\u00f3s medenceteret.<\/p>\n<p class=\"kv-page-content-paragraph\">Korszer\u0171 k\u00f6r\u00fclm\u00e9nyeket teremt\u00fcnk ezzel az eg\u00e9szs\u00e9ges \u00e9letm\u00f3d ir\u00e1nt elk\u00f6telezett kaposv\u00e1riaknak is.<\/p>\n<p class=\"kv-page-content-paragraph\">\u00daj v\u00edznyer\u0151 kutak l\u00e9tes\u00edt\u00e9s\u00e9vel pedig az \u00fczemeltet\u00e9s k\u00f6lts\u00e9geit cs\u00f6kkentj\u00fck.<\/p>\n<div class=\"kv-page-margin-1\">\u00a0<\/div>\n<p><img loading=\"lazy\" class=\"alignnone size-large wp-image-1515\" src=\"https:\/\/otthon.kaposvar.hu\/wp-content\/uploads\/2017\/05\/07-rakoczi-stadion-1024x768.jpg\" alt=\"\" width=\"1024\" height=\"768\" srcset=\"https:\/\/otthon.kaposvar.hu\/wp-content\/uploads\/2017\/05\/07-rakoczi-stadion-1024x768.jpg 1024w, https:\/\/otthon.kaposvar.hu\/wp-content\/uploads\/2017\/05\/07-rakoczi-stadion-300x225.jpg 300w, https:\/\/otthon.kaposvar.hu\/wp-content\/uploads\/2017\/05\/07-rakoczi-stadion-768x576.jpg 768w, https:\/\/otthon.kaposvar.hu\/wp-content\/uploads\/2017\/05\/07-rakoczi-stadion.jpg 1600w\" sizes=\"(max-width: 1024px) 100vw, 1024px\" \/><\/p>\n<div class=\"kv-page-margin-1\">\u00a0<\/div>\n<h2 class=\"kv-page-content-paragraph kv-page-content-title\">A R\u00e1k\u00f3czi Stadion rekonstrukci\u00f3ja: 560 milli\u00f3 forint<\/h2>\n<p class=\"kv-page-content-paragraph\">Bene Ferenc Labdar\u00fag\u00f3 Akad\u00e9mi\u00e1nkra t\u00f6bb mint k\u00e9tsz\u00e1z gyermek j\u00e1r. Az akad\u00e9mia fel\u00faj\u00edt\u00e1s\u00e1t k\u00f6vet\u0151en most a R\u00e1k\u00f3czi Stadion is meg\u00fajul.<\/p>\n<p class=\"kv-page-content-paragraph\">Teljes hossz\u00e1ban lefedj\u00fck a nyugati \u00e9s a keleti lel\u00e1t\u00f3t, n\u00f6velve ezzel a fedett \u00fcl\u0151helyek sz\u00e1m\u00e1t.<\/p>\n<p class=\"kv-page-content-paragraph\">\u00c1talak\u00edtjuk a stadion f\u0151\u00e9p\u00fclet\u00e9t, fel\u00faj\u00edtjuk az \u00f6lt\u00f6z\u0151i \u00e9s n\u00e9z\u0151t\u00e9ri vizesblokkokat is.<\/p>\n<div class=\"kv-page-margin-1\">\u00a0<\/div>\n<p><img loading=\"lazy\" class=\"alignnone size-large wp-image-1496\" src=\"https:\/\/otthon.kaposvar.hu\/wp-content\/uploads\/2017\/05\/08-korhaz-deli-tomb_web-1024x576.jpg\" alt=\"\" width=\"1024\" height=\"576\" srcset=\"https:\/\/otthon.kaposvar.hu\/wp-content\/uploads\/2017\/05\/08-korhaz-deli-tomb_web-1024x576.jpg 1024w, https:\/\/otthon.kaposvar.hu\/wp-content\/uploads\/2017\/05\/08-korhaz-deli-tomb_web-300x169.jpg 300w, https:\/\/otthon.kaposvar.hu\/wp-content\/uploads\/2017\/05\/08-korhaz-deli-tomb_web-768x432.jpg 768w, https:\/\/otthon.kaposvar.hu\/wp-content\/uploads\/2017\/05\/08-korhaz-deli-tomb_web.jpg 1920w\" sizes=\"(max-width: 1024px) 100vw, 1024px\" \/><\/p>\n<div class=\"kv-page-margin-1\">\u00a0<\/div>\n<h2 class=\"kv-page-content-title\">A k\u00f3rh\u00e1z d\u00e9li t\u00f6mbj\u00e9nek hasznos\u00edt\u00e1sa: 4,5 milli\u00e1rd forint<\/h2>\n<p class=\"kv-page-content-paragraph\">K\u00f3rh\u00e1zunk rekonstrukci\u00f3j\u00e1b\u00f3l m\u00e1r csak a sz\u00fcl\u00e9szet fel\u00faj\u00edt\u00e1sa van h\u00e1tra.<\/p>\n<p class=\"kv-page-content-paragraph\">A t\u00f6mb\u00f6s\u00edt\u00e9s eredm\u00e9nyek\u00e9nt felszabadult a Bajcsy-Zsilinszky utca d\u00e9li oldala. Ide \u00faj utat \u00e9p\u00edt\u00fcnk, \u00f6sszek\u00f6tve a Bajcsy-Zsilinszky utc\u00e1t \u00e9s a F\u0151 utc\u00e1t. Parkot, parkol\u00f3kat, s\u00e9t\u00e1nyt alak\u00edtunk ki. A volt k\u00e1polna fel\u00faj\u00edt\u00e1s\u00e1val b\u00e1bsz\u00ednteret \u00e9p\u00edt\u00fcnk, mellette j\u00e1tsz\u00f3t\u00e9rrel.<\/p>\n<p class=\"kv-page-content-paragraph\">Fel\u00faj\u00edtjuk a k\u00f3rh\u00e1z volt anya\u00e9p\u00fclet\u00e9t is. A t\u00f6bb mint 170 \u00e9ves \u00e9p\u00fclet m\u0171eml\u00e9ki v\u00e9delem alatt \u00e1ll. Inkub\u00e1torh\u00e1zz\u00e1 alak\u00edtjuk, ahol informatikai k\u00e9pz\u0151k\u00f6zpont lesz a v\u00e1rosban m\u0171k\u00f6d\u0151 szoftverfejleszt\u0151, webfejleszt\u0151 c\u00e9gek bevon\u00e1s\u00e1val.<\/p>\n<div class=\"kv-page-margin-1\">\u00a0<\/div>\n<p><img loading=\"lazy\" class=\"alignnone size-large wp-image-1497\" src=\"https:\/\/otthon.kaposvar.hu\/wp-content\/uploads\/2017\/05\/09-szinhaz_web-1024x682.jpg\" alt=\"\" width=\"1024\" height=\"682\" srcset=\"https:\/\/otthon.kaposvar.hu\/wp-content\/uploads\/2017\/05\/09-szinhaz_web-1024x682.jpg 1024w, https:\/\/otthon.kaposvar.hu\/wp-content\/uploads\/2017\/05\/09-szinhaz_web-300x200.jpg 300w, https:\/\/otthon.kaposvar.hu\/wp-content\/uploads\/2017\/05\/09-szinhaz_web-768x512.jpg 768w, https:\/\/otthon.kaposvar.hu\/wp-content\/uploads\/2017\/05\/09-szinhaz_web.jpg 2000w\" sizes=\"(max-width: 1024px) 100vw, 1024px\" \/><\/p>\n<div class=\"kv-page-margin-1\">\u00a0<\/div>\n<h2 class=\"kv-page-content-title\">A Csiky Gergely Sz\u00ednh\u00e1z fel\u00faj\u00edt\u00e1sa \u00e9s b\u0151v\u00edt\u00e9se: 9 milli\u00e1rd forint<\/h2>\n<p class=\"kv-page-content-paragraph\">A Csiky Gergely Sz\u00ednh\u00e1z 1911-ben ny\u00e1ri sz\u00ednh\u00e1znak \u00e9p\u00fclt. Ma omlik a vakolata, rekonstrukci\u00f3ra szorul. A korm\u00e1ny t\u00e1mogat\u00e1s\u00e1val most fel\u00faj\u00edtjuk.<\/p>\n<p class=\"kv-page-content-paragraph\">A homlokzatot az eredeti tervek alapj\u00e1n \u00e1ll\u00edtjuk helyre, a bels\u0151 tereket a m\u0171eml\u00e9ki \u00e9rt\u00e9kek megtart\u00e1s\u00e1val korszer\u0171s\u00edtj\u00fck. Nagy m\u00e9ret\u0171 \u00faj fogad\u00f3teret alak\u00edtunk ki, korszer\u0171s\u00edtj\u00fck a sz\u00ednpad-, a f\u00e9ny- \u00e9s a hangtechnik\u00e1t.<\/p>\n<p class=\"kv-page-content-paragraph\">A jelenleg 6011 m2-es sz\u00ednh\u00e1z\u00e9p\u00fcletet 9626 m2-esre b\u0151v\u00edtj\u00fck.<\/p>\n<p class=\"kv-page-content-paragraph\">Az \u00e9p\u00fcletg\u00e9p\u00e9szeti \u00e9s \u00e9p\u00fcletvillamoss\u00e1gi \u00e1talak\u00edt\u00e1sok ut\u00e1n a meg\u00fajul\u00f3 energiaforr\u00e1sok\u00e9 lesz a f\u0151szerep.<\/p>\n<div class=\"kv-page-margin-1\">\u00a0<\/div>\n<p><img loading=\"lazy\" class=\"alignnone size-large wp-image-1498\" src=\"https:\/\/otthon.kaposvar.hu\/wp-content\/uploads\/2017\/05\/10-leveltar_web-1024x680.jpg\" alt=\"\" width=\"1024\" height=\"680\" srcset=\"https:\/\/otthon.kaposvar.hu\/wp-content\/uploads\/2017\/05\/10-leveltar_web-1024x680.jpg 1024w, https:\/\/otthon.kaposvar.hu\/wp-content\/uploads\/2017\/05\/10-leveltar_web-300x199.jpg 300w, https:\/\/otthon.kaposvar.hu\/wp-content\/uploads\/2017\/05\/10-leveltar_web-768x510.jpg 768w, https:\/\/otthon.kaposvar.hu\/wp-content\/uploads\/2017\/05\/10-leveltar_web.jpg 2000w\" sizes=\"(max-width: 1024px) 100vw, 1024px\" \/><\/p>\n<div class=\"kv-page-margin-1\">\u00a0<\/div>\n<h2 class=\"kv-page-content-title\">Az egykori lev\u00e9lt\u00e1r\u00e9p\u00fclet rekonstrukci\u00f3ja \u00e9s \u00faj funkci\u00f3j\u00e1nak kialak\u00edt\u00e1sa: 1,4 milli\u00e1rd forint<\/h2>\n<p class=\"kv-page-content-paragraph\">A belv\u00e1ros sz\u00edv\u00e9ben r\u00e9g\u00f3ta \u00e1ll egy omladoz\u00f3 vakolat\u00fa m\u0171eml\u00e9k \u00e9p\u00fclet. Ez a volt lev\u00e9lt\u00e1r. A jelenleg \u00fcres \u00e9p\u00fcletet fel\u00faj\u00edtjuk \u00e9s \u00e1talak\u00edtjuk. Ide k\u00f6lt\u00f6zik \u00e1t a Somogy Megyei \u00d6nkorm\u00e1nyzati Hivatal a s\u00e9t\u00e1l\u00f3utc\u00e1b\u00f3l, ahol most m\u00fazeumunkkal egy \u00e9p\u00fcletben van. \u00cdgy v\u00e9gre a kaposv\u00e1ri m\u00fazeum is \u00f6n\u00e1ll\u00f3, v\u00e9gleges otthonra lel.<\/p>\n<div class=\"kv-page-margin-1\">\u00a0<\/div>\n<p><img loading=\"lazy\" class=\"alignnone size-large wp-image-1499\" src=\"https:\/\/otthon.kaposvar.hu\/wp-content\/uploads\/2017\/05\/11-belvarosi-uzletek_web-1024x742.jpg\" alt=\"\" width=\"1024\" height=\"742\" srcset=\"https:\/\/otthon.kaposvar.hu\/wp-content\/uploads\/2017\/05\/11-belvarosi-uzletek_web-1024x742.jpg 1024w, https:\/\/otthon.kaposvar.hu\/wp-content\/uploads\/2017\/05\/11-belvarosi-uzletek_web-300x217.jpg 300w, https:\/\/otthon.kaposvar.hu\/wp-content\/uploads\/2017\/05\/11-belvarosi-uzletek_web-768x556.jpg 768w, https:\/\/otthon.kaposvar.hu\/wp-content\/uploads\/2017\/05\/11-belvarosi-uzletek_web.jpg 2000w\" sizes=\"(max-width: 1024px) 100vw, 1024px\" \/><\/p>\n<div class=\"kv-page-margin-1\">\u00a0<\/div>\n<h2 class=\"kv-page-content-title\">Belv\u00e1rosi \u00f6nkorm\u00e1nyzati tulajdon\u00fa \u00fczletek fel\u00faj\u00edt\u00e1sa: 1,1 milli\u00e1rd forint<\/h2>\n<p class=\"kv-page-content-paragraph\">M\u00e9g vonz\u00f3bb\u00e1 tessz\u00fck a s\u00e9t\u00e1l\u00f3utc\u00e1t \u00e9s k\u00f6rny\u00e9k\u00e9t. Fel\u00faj\u00edtunk \u00e9s energetikailag korszer\u0171s\u00edt\u00fcnk huszonegy \u00fczletet.<\/p>\n<p class=\"kv-page-content-paragraph\">Az \u00fczletek a belv\u00e1ros hangulat\u00e1hoz illeszked\u0151, \u00faj port\u00e1lokat kapnak.<\/p>\n<p class=\"kv-page-content-paragraph\">A boltok el\u00e9 \u00faj padokat, ker\u00e9kp\u00e1rt\u00e1rol\u00f3kat helyez\u00fcnk ki, vir\u00e1gos\u00edtunk, fel\u00faj\u00edtjuk a j\u00e1rd\u00e1kat \u00e9s parkol\u00f3kat. B\u0151v\u00fcl a t\u00e9rfigyel\u0151 kamerarendszer is.<\/p>\n<div class=\"kv-page-margin-1\">\u00a0<\/div>\n<p><img loading=\"lazy\" class=\"alignnone size-large wp-image-1517\" src=\"https:\/\/otthon.kaposvar.hu\/wp-content\/uploads\/2017\/05\/12-dorottya-haz-1024x576.jpg\" alt=\"\" width=\"1024\" height=\"576\" srcset=\"https:\/\/otthon.kaposvar.hu\/wp-content\/uploads\/2017\/05\/12-dorottya-haz-1024x576.jpg 1024w, https:\/\/otthon.kaposvar.hu\/wp-content\/uploads\/2017\/05\/12-dorottya-haz-300x169.jpg 300w, https:\/\/otthon.kaposvar.hu\/wp-content\/uploads\/2017\/05\/12-dorottya-haz-768x432.jpg 768w, https:\/\/otthon.kaposvar.hu\/wp-content\/uploads\/2017\/05\/12-dorottya-haz.jpg 1920w\" sizes=\"(max-width: 1024px) 100vw, 1024px\" \/><\/p>\n<div class=\"kv-page-margin-1\">\u00a0<\/div>\n<h2 class=\"kv-page-content-title\">A Dorottya h\u00e1z \u2013 a volt Csokonai fogad\u00f3 \u2013 kultur\u00e1lis-turisztikai c\u00e9l\u00fa hasznos\u00edt\u00e1sa \u00e9s rekonstrukci\u00f3ja, belv\u00e1rosi l\u00e1togat\u00f3k\u00f6zpont kialak\u00edt\u00e1sa: 1,2 milli\u00e1rd forint<\/h2>\n<p class=\"kv-page-content-paragraph\">\u00c9lettel t\u00f6ltj\u00fck meg Kaposv\u00e1r egyik legr\u00e9gebbi \u00e9p\u00fclet\u00e9t, a 2011 \u00f3ta \u00fcresen \u00e1ll\u00f3 volt Csokonai fogad\u00f3t.<\/p>\n<p class=\"kv-page-content-paragraph\">A belv\u00e1ros sz\u00edv\u00e9ben l\u00e9v\u0151 m\u0171eml\u00e9k \u00e9p\u00fcletet, ahol egykor Csokonai Vit\u00e9z Mih\u00e1ly is j\u00e1rt, a v\u00e1ros megv\u00e1s\u00e1rolta.<\/p>\n<p class=\"kv-page-content-paragraph\">Most fel\u00faj\u00edtjuk, \u00e9s Belv\u00e1rosi L\u00e1togat\u00f3k\u00f6zpontot \u00e9p\u00edt\u00fcnk. Helyet kap itt egy holografikus sz\u00ednh\u00e1z is, mely egyszerre nyolcvan f\u0151 sz\u00e1m\u00e1ra ny\u00fajt val\u00f3di 21. sz\u00e1zadi \u00e9lm\u00e9nyt a sz\u00ednpadra var\u00e1zsolt 3D-s figur\u00e1kkal \u00e9s k\u00fcl\u00f6nleges effektekkel. A l\u00e1togat\u00f3k\u00f6zpont m\u00e1sik k\u00fcl\u00f6nlegess\u00e9ge a F\u00e9s\u0171s \u00c9va mesevil\u00e1g\u00e1t bemutat\u00f3 \u201eKerekerd\u0151 j\u00e1tsz\u00f3h\u00e1z\u201d lesz.<\/p>\n<div class=\"kv-page-margin-1\">\u00a0<\/div>\n<p><img loading=\"lazy\" class=\"alignnone wp-image-2614 size-large\" src=\"https:\/\/otthon.kaposvar.hu\/wp-content\/uploads\/2017\/05\/13-nostra2_web-1024x661.jpg\" alt=\"\" width=\"1024\" height=\"661\" srcset=\"https:\/\/otthon.kaposvar.hu\/wp-content\/uploads\/2017\/05\/13-nostra2_web-1024x661.jpg 1024w, https:\/\/otthon.kaposvar.hu\/wp-content\/uploads\/2017\/05\/13-nostra2_web-300x194.jpg 300w, https:\/\/otthon.kaposvar.hu\/wp-content\/uploads\/2017\/05\/13-nostra2_web-768x496.jpg 768w, https:\/\/otthon.kaposvar.hu\/wp-content\/uploads\/2017\/05\/13-nostra2_web.jpg 2000w\" sizes=\"(max-width: 1024px) 100vw, 1024px\" \/><\/p>\n<div class=\"kv-page-margin-1\">\u00a0<\/div>\n<h2 class=\"kv-page-content-title\">A Nostra volt \u00e9p\u00fcleteinek rehabilit\u00e1ci\u00f3ja: 605 milli\u00f3 forint<\/h2>\n<p class=\"kv-page-content-paragraph\">Rendet tesz\u00fcnk a belv\u00e1ros sz\u00e9l\u00e9n is. A Nostra 1931-ben a volt kaposv\u00e1ri v\u00e1r ter\u00fclet\u00e9re \u00e9p\u00fclt r\u00e1. T\u00f6bb mint egy \u00e9vtizede haszn\u00e1laton k\u00edv\u00fcl van, ma hajl\u00e9ktalanok lakj\u00e1k.<\/p>\n<p class=\"kv-page-content-paragraph\">Romos \u00e9p\u00fcleteit elbontjuk, hely\u00fck\u00f6n az egykori v\u00e1rat bemutat\u00f3 t\u00f6rt\u00e9nelmi tan\u00f6sv\u00e9nyt, tematikus j\u00e1tsz\u00f3teret, szabadt\u00e9ri rendezv\u00e9nyteret, valamint j\u00e1rd\u00e1kat, s\u00e9tautakat alak\u00edtunk ki.<\/p>\n<p class=\"kv-page-content-paragraph\">Busz\u00f6bl\u00f6ket, parkol\u00f3kat \u00e9p\u00edt\u00fcnk, fejlesztj\u00fck a k\u00f6zvil\u00e1g\u00edt\u00e1st, b\u0151v\u00edtj\u00fck t\u00e9rfigyel\u0151 kamerarendszer\u00fcnket. Egy elektromos t\u00f6lt\u0151\u00e1llom\u00e1st is \u00e9p\u00edt\u00fcnk a ter\u00fcleten.<\/p>\n<div class=\"kv-page-margin-1\">\u00a0<\/div>\n<p><img loading=\"lazy\" class=\"alignnone size-large wp-image-1501\" src=\"https:\/\/otthon.kaposvar.hu\/wp-content\/uploads\/2017\/05\/14-deseda_web-1024x682.jpg\" alt=\"\" width=\"1024\" height=\"682\" srcset=\"https:\/\/otthon.kaposvar.hu\/wp-content\/uploads\/2017\/05\/14-deseda_web-1024x682.jpg 1024w, https:\/\/otthon.kaposvar.hu\/wp-content\/uploads\/2017\/05\/14-deseda_web-300x200.jpg 300w, https:\/\/otthon.kaposvar.hu\/wp-content\/uploads\/2017\/05\/14-deseda_web-768x512.jpg 768w, https:\/\/otthon.kaposvar.hu\/wp-content\/uploads\/2017\/05\/14-deseda_web.jpg 2000w\" sizes=\"(max-width: 1024px) 100vw, 1024px\" \/><\/p>\n<div class=\"kv-page-margin-1\">\u00a0<\/div>\n<h2 class=\"kv-page-content-title\">Fejleszt\u00e9sek a Desed\u00e1n: 400 milli\u00f3 forint<\/h2>\n<p class=\"kv-page-content-paragraph\">Az elm\u00falt \u00e9vekben k\u00f6rbebiciklizhet\u0151v\u00e9 tett\u00fck a Desed\u00e1t, elk\u00e9sz\u00fclt a t\u00f3 k\u00f6r\u00fcli ker\u00e9kp\u00e1r\u00fat. Fel\u00e9p\u00edtett\u00fck a Fekete Istv\u00e1n L\u00e1togat\u00f3k\u00f6zpontot, a tavon m\u00e1r elektromos meghajt\u00e1s\u00fa kir\u00e1ndul\u00f3haj\u00f3 is j\u00e1r.<\/p>\n<p class=\"kv-page-content-paragraph\">Tov\u00e1bbi fejleszt\u00e9sekre k\u00e9sz\u00fcl\u00fcnk. V\u00edzit\u00fara-\u00fatvonalat jel\u00f6l\u00fcnk ki, t\u00farakik\u00f6t\u0151ket, cs\u00f3nakh\u00e1zat, v\u00edzit\u00farak\u00f6zpontot \u00e9p\u00edt\u00fcnk. Korszer\u0171s\u00edtj\u00fck a strand vizesblokkjait, parkos\u00edtunk, a v\u00edzen napoz\u00f3st\u00e9get helyez\u00fcnk el. A horg\u00e1szoknak a F\u00fcredi-sz\u0151l\u0151hegy alatti r\u00e9szen k\u00f6z\u00f6ss\u00e9gi teret alak\u00edtunk ki f\u0151z\u0151hellyel, padokkal \u00e9s asztalokkal. Ugyanitt halas tematik\u00e1j\u00fa j\u00e1tsz\u00f3teret is \u00e9p\u00edt\u00fcnk.<\/p>\n<div class=\"kv-page-margin-1\">\u00a0<\/div>\n<p><img loading=\"lazy\" class=\"alignnone size-large wp-image-1516\" src=\"https:\/\/otthon.kaposvar.hu\/wp-content\/uploads\/2017\/05\/15-deseda-kemping_web-1024x576.jpg\" alt=\"\" width=\"1024\" height=\"576\" srcset=\"https:\/\/otthon.kaposvar.hu\/wp-content\/uploads\/2017\/05\/15-deseda-kemping_web-1024x576.jpg 1024w, https:\/\/otthon.kaposvar.hu\/wp-content\/uploads\/2017\/05\/15-deseda-kemping_web-300x169.jpg 300w, https:\/\/otthon.kaposvar.hu\/wp-content\/uploads\/2017\/05\/15-deseda-kemping_web-768x432.jpg 768w, https:\/\/otthon.kaposvar.hu\/wp-content\/uploads\/2017\/05\/15-deseda-kemping_web.jpg 2000w\" sizes=\"(max-width: 1024px) 100vw, 1024px\" \/><\/p>\n<div class=\"kv-page-margin-1\">\u00a0<\/div>\n<h2 class=\"kv-page-content-title\">Fejlesztj\u00fck a Deseda kempinget: 2,54 milli\u00e1rd forint<\/h2>\n<p class=\"kv-page-content-paragraph\">A Deseda kemping r\u00e9g\u00f3ta kihaszn\u00e1latlan. Hogy \u00e9letre kelts\u00fck, ki\u00e9p\u00edtj\u00fck k\u00f6zm\u0171h\u00e1l\u00f3zat\u00e1t, korszer\u0171 k\u00f6z\u00f6s helyis\u00e9geket \u00e9p\u00edt\u00fcnk. Apartmanokat, lak\u00f3kocsis be\u00e1ll\u00f3kat \u00e9s s\u00e1torhelyeket alak\u00edtunk ki. Rendbe tessz\u00fck a z\u00f6ld fel\u00fcleteket \u00e9s a bels\u0151 utakat, parkol\u00f3kat \u00e9p\u00edt\u00fcnk.<\/p>\n<div class=\"kv-page-margin-1\">\u00a0<\/div>\n<p><img loading=\"lazy\" class=\"alignnone size-large wp-image-1502\" src=\"https:\/\/otthon.kaposvar.hu\/wp-content\/uploads\/2017\/05\/16-szentjakab_web-1024x576.jpg\" alt=\"\" width=\"1024\" height=\"576\" srcset=\"https:\/\/otthon.kaposvar.hu\/wp-content\/uploads\/2017\/05\/16-szentjakab_web-1024x576.jpg 1024w, https:\/\/otthon.kaposvar.hu\/wp-content\/uploads\/2017\/05\/16-szentjakab_web-300x169.jpg 300w, https:\/\/otthon.kaposvar.hu\/wp-content\/uploads\/2017\/05\/16-szentjakab_web-768x432.jpg 768w, https:\/\/otthon.kaposvar.hu\/wp-content\/uploads\/2017\/05\/16-szentjakab_web.jpg 1920w\" sizes=\"(max-width: 1024px) 100vw, 1024px\" \/><\/p>\n<div class=\"kv-page-margin-1\">\u00a0<\/div>\n<h2 class=\"kv-page-content-title\">A Szentjakabi Benc\u00e9s Ap\u00e1ts\u00e1g romjainak m\u0171eml\u00e9ki \u00e9s kultur\u00e1lis-turisztikai c\u00e9l\u00fa fejleszt\u00e9se: 1 milli\u00e1rd forint<\/h2>\n<p class=\"kv-page-content-paragraph\">V\u00e1rosunk legr\u00e9gebbi \u00e9p\u00edtett \u00f6r\u00f6ks\u00e9g\u00e9t, a Szentjakabi Benc\u00e9s Ap\u00e1ts\u00e1got 1067-ben, Salamon kir\u00e1ly jelenl\u00e9t\u00e9ben szentelt\u00e9k fel.<\/p>\n<p class=\"kv-page-content-paragraph\">Most fel\u00faj\u00edtjuk. Helyre\u00e1ll\u00edtjuk a romter\u00fcletet. Modern fogad\u00f3\u00e9p\u00fcletet \u00e9p\u00edt\u00fcnk, ahol bemutatjuk a k\u00f6z\u00e9pkorra jellemz\u0151 mesters\u00e9geket, interakt\u00edv ki\u00e1ll\u00edt\u00e1ssal is v\u00e1rjuk majd az idel\u00e1togat\u00f3kat.<\/p>\n<p class=\"kv-page-content-paragraph\">Fel\u00faj\u00edtjuk a Monostor utcai parkol\u00f3t \u00e9s az onnan felvezet\u0151 gyalogutat is.<\/p>\n<p>&nbsp;<\/p>\n<h2 class=\"kv-page-content-title\">A 67-es \u00fat \u2013 az \u00e9rintett telep\u00fcl\u00e9sek elker\u00fcl\u00e9s\u00e9t is megval\u00f3s\u00edt\u00f3 \u2013 fejleszt\u00e9se: 104,8 milli\u00e1rd forint<\/h2>\n<p class=\"kv-page-content-paragraph\">Minden telep\u00fcl\u00e9s sz\u00e1m\u00e1ra l\u00e9tfontoss\u00e1g\u00fa, hogy milyen m\u00f3don \u00e9s mennyi id\u0151 alatt k\u00f6zel\u00edthet\u0151 meg. Azzal, hogy az M7-es aut\u00f3p\u00e1ly\u00e1ig meg\u00e9p\u00edtj\u00fck a 2 \u00d7 2 s\u00e1vos, a telep\u00fcl\u00e9seket elker\u00fcl\u0151 gyorsutat, el\u00e9rj\u00fck, hogy v\u00e1rosunk r\u00e9sze lesz az orsz\u00e1gos gyorsforgalmi \u00fath\u00e1l\u00f3zatnak. Ez\u00e1ltal n\u00f6vekszik Kaposv\u00e1r \u00e9s a r\u00e9gi\u00f3 versenyk\u00e9pess\u00e9ge, er\u0151s\u00f6dik a helyi gazdas\u00e1g, b\u0151v\u00fcl a foglalkoztat\u00e1s.<\/p>\n<p>&nbsp;<\/p>\n<h2 class=\"kv-page-content-title\">Kaposv\u00e1ri K\u00f6zleked\u00e9si K\u00f6zpont (IMCs): 10,5 milli\u00e1rd forint<\/h2>\n<p class=\"kv-page-content-paragraph\">A Kaposv\u00e1ri K\u00f6zleked\u00e9si K\u00f6zpont c\u00e9lja jav\u00edtani a busz- \u00e9s vonatk\u00f6zleked\u00e9s k\u00f6z\u00f6tti \u00e1tj\u00e1rhat\u00f3s\u00e1got. Egy\u00fattal k\u00e9nyelmesebb\u00e9 \u00e9s biztons\u00e1gosabb\u00e1 tessz\u00fck ezzel a belv\u00e1ros k\u00f6z\u00fati, ker\u00e9kp\u00e1ros \u00e9s gyalogos k\u00f6zleked\u00e9s\u00e9t is.<\/p>\n<p class=\"kv-page-content-paragraph\">A Budai Nagy Antal utc\u00e1ban a vas\u00fat\u00e1llom\u00e1s mell\u00e9, egy helyre telep\u00edtj\u00fck a helyi \u00e9s helyk\u00f6zi aut\u00f3busz-\u00e1llom\u00e1st, \u00faj utasforgalmi k\u00f6zponttal. Ezzel megk\u00f6nny\u00edtj\u00fck az \u00e1tsz\u00e1ll\u00e1st. A vas\u00fat\u00e1llom\u00e1s keleti oldal\u00e1n \u00faj P+R parkol\u00f3t \u00e9p\u00edt\u00fcnk.<\/p>\n<p class=\"kv-page-content-paragraph\">Egy \u00faj gyalogos- \u00e9s ker\u00e9kp\u00e1ros-fel\u00fclj\u00e1r\u00f3r\u00f3l k\u00f6zvetlen\u00fcl megk\u00f6zel\u00edthet\u0151v\u00e9 v\u00e1lnak a vas\u00fati \u00e9s a buszperonok. A B\u00e9la kir\u00e1ly utc\u00e1ban a vas\u00fati s\u00ednek felett k\u00f6z\u00fati fel\u00fclj\u00e1r\u00f3t \u00e9p\u00edt\u00fcnk, biztos\u00edtva ezzel a biztons\u00e1gos \u00e9s gyors k\u00f6z\u00fati \u00e1tkel\u00e9st.<\/p>\n<p class=\"kv-page-content-paragraph\">A Csik Ferenc s\u00e9t\u00e1nyt kisz\u00e9les\u00edtj\u00fck, \u00e9s \u00f6sszek\u00f6tj\u00fck a B\u00e9la kir\u00e1ly utc\u00e1val, \u00edgy a vas\u00fat d\u00e9li oldal\u00e1n is kialakul egy t\u00f6megk\u00f6zleked\u00e9ssel is ig\u00e9nybe vehet\u0151 \u2013 a Baross G\u00e1bor utc\u00e1val p\u00e1rhuzamos \u2013 \u00faj \u00fat. Ezzel tehermentes\u00edtj\u00fck a belv\u00e1rost, \u00e9s jelent\u0151sen jav\u00edtjuk a v\u00e1rosr\u00e9szek k\u00f6zleked\u00e9si kapcsolat\u00e1t.<\/p>\n<div class=\"kv-page-margin-1\">\u00a0<\/div>\n<p><img loading=\"lazy\" class=\"alignnone size-large wp-image-1503\" src=\"https:\/\/otthon.kaposvar.hu\/wp-content\/uploads\/2017\/05\/19-busztelephely_web-1024x408.jpg\" alt=\"\" width=\"1024\" height=\"408\" srcset=\"https:\/\/otthon.kaposvar.hu\/wp-content\/uploads\/2017\/05\/19-busztelephely_web-1024x408.jpg 1024w, https:\/\/otthon.kaposvar.hu\/wp-content\/uploads\/2017\/05\/19-busztelephely_web-300x120.jpg 300w, https:\/\/otthon.kaposvar.hu\/wp-content\/uploads\/2017\/05\/19-busztelephely_web-768x306.jpg 768w, https:\/\/otthon.kaposvar.hu\/wp-content\/uploads\/2017\/05\/19-busztelephely_web.jpg 1920w\" sizes=\"(max-width: 1024px) 100vw, 1024px\" \/><\/p>\n<div class=\"kv-page-margin-1\">\u00a0<\/div>\n<h2 class=\"kv-page-content-title\">Kaposv\u00e1ri aut\u00f3busz-telephely \u00faj buszaink sz\u00e1m\u00e1ra: 4,16 milli\u00e1rd forint<\/h2>\n<p class=\"kv-page-content-paragraph\">A Kaposv\u00e1ri V\u00e1rosgazd\u00e1lkod\u00e1si Zrt. Cseri \u00fati telephely\u00e9n \u00faj buszaink sz\u00e1m\u00e1ra t\u00e1rol\u00e1st, szervizel\u00e9st, mos\u00e1st, tankol\u00e1st is lehet\u0151v\u00e9 tev\u0151 telephelyet alak\u00edtunk ki. Egyben vizsga\u00e1llom\u00e1st is \u00e9p\u00edt\u00fcnk, mely a v\u00e1rosban l\u00e9v\u0151 g\u00e9pj\u00e1rm\u0171veknek biztos\u00edt lehet\u0151s\u00e9get a vizsg\u00e1ztat\u00e1sra. A ter\u00fcleten g\u00e1z- \u00e9s elektromos t\u00f6lt\u0151\u00e1llom\u00e1s is lesz.<\/p>\n<p class=\"kv-page-content-paragraph\">A beruh\u00e1z\u00e1s keret\u00e9n bel\u00fcl 27 f\u00e9r\u0151helyes elektromos aut\u00f3buszokat is v\u00e1s\u00e1rolunk, melyek a belv\u00e1rosban fognak j\u00e1rni, \u00e9s eddig ell\u00e1tatlan ter\u00fcleteket is felt\u00e1rnak.<\/p>\n<div class=\"kv-page-margin-1\">\u00a0<\/div>\n<p><img loading=\"lazy\" class=\"alignnone size-large wp-image-1504\" src=\"https:\/\/otthon.kaposvar.hu\/wp-content\/uploads\/2017\/05\/20-tuskevar_web-1024x576.jpg\" alt=\"\" width=\"1024\" height=\"576\" srcset=\"https:\/\/otthon.kaposvar.hu\/wp-content\/uploads\/2017\/05\/20-tuskevar_web-1024x576.jpg 1024w, https:\/\/otthon.kaposvar.hu\/wp-content\/uploads\/2017\/05\/20-tuskevar_web-300x169.jpg 300w, https:\/\/otthon.kaposvar.hu\/wp-content\/uploads\/2017\/05\/20-tuskevar_web-768x432.jpg 768w, https:\/\/otthon.kaposvar.hu\/wp-content\/uploads\/2017\/05\/20-tuskevar_web.jpg 2000w\" sizes=\"(max-width: 1024px) 100vw, 1024px\" \/><\/p>\n<div class=\"kv-page-margin-1\">\u00a0<\/div>\n<h2 class=\"kv-page-content-title\">A t\u00fcskev\u00e1ri csom\u00f3pont k\u00f6zleked\u00e9sbiztons\u00e1gi fejleszt\u00e9se: 300 milli\u00f3 forint<\/h2>\n<p class=\"kv-page-content-paragraph\">Megsz\u00fcntetj\u00fck a tumultust a V\u00e1s\u00e1rt\u00e9ri \u00fat \u00e9s a 61-es \u00fat csom\u00f3pontj\u00e1ban, a t\u00fcskev\u00e1ri csom\u00f3pontban, k\u00fcl\u00f6n figyelmet ford\u00edtva a ker\u00e9kp\u00e1rosokra \u00e9s a gyalogosokra.<\/p>\n<p class=\"kv-page-content-paragraph\">Az aut\u00f3soknak, gyalogosoknak \u00e9s ker\u00e9kp\u00e1rosoknak is jelz\u0151l\u00e1mp\u00e1s ir\u00e1ny\u00edt\u00e1st \u00e9p\u00edt\u00fcnk ki, amelyet \u00f6sszehangolunk a vas\u00fati f\u00e9nyjelz\u0151vel.<\/p>\n<p class=\"kv-page-content-paragraph\">Az \u00e1talak\u00edt\u00e1s keret\u00e9ben a k\u00f6zeli II. R\u00e1k\u00f3czi Ferenc Tagiskola k\u00f6rny\u00e9k\u00e9t is biztons\u00e1gosabb\u00e1 tessz\u00fck. \u00c1t\u00e9p\u00edtj\u00fck az \u00fatp\u00e1ly\u00e1t \u00e9s a szeg\u00e9lyeket, \u00faj gyalog\u00e1tkel\u0151helyeket is \u00e9p\u00edt\u00fcnk.<\/p>\n<div class=\"kv-page-margin-1\">\u00a0<\/div>\n<p><img loading=\"lazy\" class=\"alignnone size-large wp-image-1518\" src=\"https:\/\/otthon.kaposvar.hu\/wp-content\/uploads\/2017\/05\/21-jarda_web-1024x682.jpg\" alt=\"\" width=\"1024\" height=\"682\" srcset=\"https:\/\/otthon.kaposvar.hu\/wp-content\/uploads\/2017\/05\/21-jarda_web-1024x682.jpg 1024w, https:\/\/otthon.kaposvar.hu\/wp-content\/uploads\/2017\/05\/21-jarda_web-300x200.jpg 300w, https:\/\/otthon.kaposvar.hu\/wp-content\/uploads\/2017\/05\/21-jarda_web-768x512.jpg 768w, https:\/\/otthon.kaposvar.hu\/wp-content\/uploads\/2017\/05\/21-jarda_web.jpg 2000w\" sizes=\"(max-width: 1024px) 100vw, 1024px\" \/><\/p>\n<div class=\"kv-page-margin-1\">\u00a0<\/div>\n<h2 class=\"kv-page-content-title\">Folytatjuk \u00fat- \u00e9s j\u00e1rdah\u00e1l\u00f3zatunk b\u0151v\u00edt\u00e9s\u00e9t, fel\u00faj\u00edt\u00e1s\u00e1t: 2 milli\u00e1rd forint<\/h2>\n<p class=\"kv-page-content-paragraph\">Meg\u00fajul a N\u00e9meth Istv\u00e1n fasor \u00e9szaki oldala is, az utca \u00faj aszfaltburkolatot kap.<\/p>\n<p class=\"kv-page-content-paragraph\">A Bajcsy-Zsilinszky utca \u00e9s a F\u0151 utca k\u00f6z\u00f6tt kialak\u00edtand\u00f3 \u00faj \u00fat \u00e9p\u00edt\u00e9se mellett leaszfaltozzuk p\u00e9ld\u00e1ul a Bajcsy-Zsilinszky utc\u00e1t.<\/p>\n<p class=\"kv-page-content-paragraph\">Ezenk\u00edv\u00fcl m\u00e9g 26 helysz\u00ednen utc\u00e1t, 12 helysz\u00ednen j\u00e1rd\u00e1t \u00e9p\u00edt\u00fcnk, \u00faj\u00edtunk fel.<\/p>\n<div class=\"kv-page-margin-1\">\u00a0<\/div>\n<p><img loading=\"lazy\" class=\"alignnone size-large wp-image-1505\" src=\"https:\/\/otthon.kaposvar.hu\/wp-content\/uploads\/2017\/05\/22-kozbringa_web-1024x682.jpg\" alt=\"\" width=\"1024\" height=\"682\" srcset=\"https:\/\/otthon.kaposvar.hu\/wp-content\/uploads\/2017\/05\/22-kozbringa_web-1024x682.jpg 1024w, https:\/\/otthon.kaposvar.hu\/wp-content\/uploads\/2017\/05\/22-kozbringa_web-300x200.jpg 300w, https:\/\/otthon.kaposvar.hu\/wp-content\/uploads\/2017\/05\/22-kozbringa_web-768x512.jpg 768w, https:\/\/otthon.kaposvar.hu\/wp-content\/uploads\/2017\/05\/22-kozbringa_web.jpg 2000w\" sizes=\"(max-width: 1024px) 100vw, 1024px\" \/><\/p>\n<div class=\"kv-page-margin-1\">\u00a0<\/div>\n<h2 class=\"kv-page-content-title\">Kaposv\u00e1r ker\u00e9kp\u00e1r\u00fat-h\u00e1l\u00f3zat\u00e1nak fejleszt\u00e9se, a k\u00f6zbringarendszer b\u0151v\u00edt\u00e9se: 987 milli\u00f3 forint<\/h2>\n<p class=\"kv-page-content-paragraph\">16 km \u00faj ker\u00e9kp\u00e1rutat, illetve ker\u00e9kp\u00e1rs\u00e1vot \u00e9p\u00edt\u00fcnk. Fel\u00faj\u00edtjuk a v\u00e1ros els\u0151 ker\u00e9kp\u00e1r\u00fatj\u00e1t is a sportcsarnok \u00e9s a Deseda k\u00f6z\u00f6tt.<\/p>\n<p class=\"kv-page-content-paragraph\">B\u0151v\u00edtj\u00fck k\u00f6zbringarendszer\u00fcnket is. Tizen\u00f6t \u00faj \u00e1llom\u00e1st \u00e9p\u00edt\u00fcnk, \u00e9s sz\u00e1zh\u00fasz ker\u00e9kp\u00e1rt v\u00e1s\u00e1rolunk.<\/p>\n<p class=\"kv-page-content-paragraph\">\u00cdgy ker\u00e9kp\u00e1rral is k\u00f6nnyen el\u00e9rhet\u0151v\u00e9 v\u00e1lnak a fontosabb hivatalok, bev\u00e1s\u00e1rl\u00f3k\u00f6zpontok, m\u0171vel\u0151d\u00e9si int\u00e9zm\u00e9nyek, valamint olyan szabadid\u0151s c\u00e9lpontok, mint a Vir\u00e1gf\u00fcrd\u0151, a V\u00e1rosliget \u00e9s a Deseda.<\/p>\n<div class=\"kv-page-margin-1\">\u00a0<\/div>\n<p><img loading=\"lazy\" class=\"alignnone size-large wp-image-1506\" src=\"https:\/\/otthon.kaposvar.hu\/wp-content\/uploads\/2017\/05\/23-csapadekvizelvezetes_web-1024x678.jpg\" alt=\"\" width=\"1024\" height=\"678\" srcset=\"https:\/\/otthon.kaposvar.hu\/wp-content\/uploads\/2017\/05\/23-csapadekvizelvezetes_web-1024x678.jpg 1024w, https:\/\/otthon.kaposvar.hu\/wp-content\/uploads\/2017\/05\/23-csapadekvizelvezetes_web-300x199.jpg 300w, https:\/\/otthon.kaposvar.hu\/wp-content\/uploads\/2017\/05\/23-csapadekvizelvezetes_web-768x509.jpg 768w, https:\/\/otthon.kaposvar.hu\/wp-content\/uploads\/2017\/05\/23-csapadekvizelvezetes_web.jpg 2000w\" sizes=\"(max-width: 1024px) 100vw, 1024px\" \/><\/p>\n<div class=\"kv-page-margin-1\">\u00a0<\/div>\n<h2 class=\"kv-page-content-title\">Csapad\u00e9kv\u00edz-elvezet\u00e9s jav\u00edt\u00e1sa: 430 milli\u00f3 forint<\/h2>\n<p class=\"kv-page-content-paragraph\">A Kapos \u00e1rvize m\u00e1r nem vesz\u00e9lyeztet benn\u00fcnket, hisz meg\u00e9p\u00edtett\u00fck \u00e1rv\u00edzv\u00e9delmi t\u00e1roz\u00f3nkat.<\/p>\n<p class=\"kv-page-content-paragraph\">Viszont vannak m\u00e9g olyan utc\u00e1ink, ahol nagyobb es\u0151z\u00e9sek ut\u00e1n a csapad\u00e9kv\u00edz jelent\u0151s probl\u00e9m\u00e1kat okoz.<\/p>\n<p class=\"kv-page-content-paragraph\">A Budai Nagy Antal, Nagyszeben, Keszthely utc\u00e1ban, T\u00f6r\u00f6csk\u00e9n, a Topon\u00e1ri \u00faton \u00e9s m\u00e9g tizenn\u00e9gy utc\u00e1ban korszer\u0171s\u00edtj\u00fck csapad\u00e9kv\u00edz-elvezet\u00e9si rendszer\u00fcnket.<\/p>\n<div class=\"kv-page-margin-1\">\u00a0<\/div>\n<p><img loading=\"lazy\" class=\"alignnone size-large wp-image-1507\" src=\"https:\/\/otthon.kaposvar.hu\/wp-content\/uploads\/2017\/05\/24-szennyviztelep_web-1024x768.jpg\" alt=\"\" width=\"1024\" height=\"768\" srcset=\"https:\/\/otthon.kaposvar.hu\/wp-content\/uploads\/2017\/05\/24-szennyviztelep_web-1024x768.jpg 1024w, https:\/\/otthon.kaposvar.hu\/wp-content\/uploads\/2017\/05\/24-szennyviztelep_web-300x225.jpg 300w, https:\/\/otthon.kaposvar.hu\/wp-content\/uploads\/2017\/05\/24-szennyviztelep_web-768x576.jpg 768w, https:\/\/otthon.kaposvar.hu\/wp-content\/uploads\/2017\/05\/24-szennyviztelep_web.jpg 2000w\" sizes=\"(max-width: 1024px) 100vw, 1024px\" \/><\/p>\n<div class=\"kv-page-margin-1\">\u00a0<\/div>\n<h2 class=\"kv-page-content-title\">Szennyv\u00edztiszt\u00edt\u00f3 telep korszer\u0171s\u00edt\u00e9se: 5,89 milli\u00e1rd forint<\/h2>\n<p class=\"kv-page-content-paragraph\">Korszer\u0171s\u00edtj\u00fck szennyv\u00edztiszt\u00edt\u00f3 telep\u00fcnket, ezzel Kaposv\u00e1r \u00e9s tizennyolc k\u00f6rny\u00e9kbeli telep\u00fcl\u00e9s k\u00f6rnyezet\u00e9nek meg\u00f3v\u00e1s\u00e1hoz j\u00e1rulunk hozz\u00e1.<\/p>\n<p class=\"kv-page-content-paragraph\">Korszer\u0171, z\u00e1rt l\u00e9tes\u00edtm\u00e9nyekkel m\u0171k\u00f6dtetett, hossz\u00fa t\u00e1v\u00fa k\u00f6rnyezetv\u00e9delmi megfontol\u00e1sokat is kiel\u00e9g\u00edt\u0151, automatiz\u00e1ltan \u00fczemeltethet\u0151 rendszert \u00e9p\u00edt\u00fcnk ki.<\/p>\n<p class=\"kv-page-content-paragraph\">A szennyv\u00edziszapb\u00f3l biog\u00e1zt \u00e1ll\u00edtunk el\u0151. Ezzel az energi\u00e1val \u00fczemeltetj\u00fck a szennyv\u00edztelepet \u00e9s a mellette l\u00e9v\u0151 kommun\u00e1lishullad\u00e9k-feldolgoz\u00f3t is.<\/p>\n<div class=\"kv-page-margin-1\">\u00a0<\/div>\n<p><img loading=\"lazy\" class=\"alignnone size-large wp-image-1508\" src=\"https:\/\/otthon.kaposvar.hu\/wp-content\/uploads\/2017\/05\/25-ipari-parkok_web-1024x682.jpg\" alt=\"\" width=\"1024\" height=\"682\" srcset=\"https:\/\/otthon.kaposvar.hu\/wp-content\/uploads\/2017\/05\/25-ipari-parkok_web-1024x682.jpg 1024w, https:\/\/otthon.kaposvar.hu\/wp-content\/uploads\/2017\/05\/25-ipari-parkok_web-300x200.jpg 300w, https:\/\/otthon.kaposvar.hu\/wp-content\/uploads\/2017\/05\/25-ipari-parkok_web-768x512.jpg 768w, https:\/\/otthon.kaposvar.hu\/wp-content\/uploads\/2017\/05\/25-ipari-parkok_web.jpg 2000w\" sizes=\"(max-width: 1024px) 100vw, 1024px\" \/><\/p>\n<div class=\"kv-page-margin-1\">\u00a0<\/div>\n<h2 class=\"kv-page-content-title\">Ipari parkok, iparter\u00fcletek fejleszt\u00e9se: 1,792 milli\u00e1rd forint<\/h2>\n<p class=\"kv-page-content-paragraph\">Kaposv\u00e1r gazdas\u00e1ga er\u0151s\u00f6dik, ipari parkjaink beteltek, \u00fajat \u00e9p\u00edt\u00fcnk.<\/p>\n<p class=\"kv-page-content-paragraph\">Fel\u00faj\u00edtjuk iparter\u00fcleteinket is, vonz\u00f3 \u00fczleti k\u00f6rnyezetet alak\u00edtunk ki a volt S\u00c1\u00c9V-telepen, a Rakt\u00e1r utc\u00e1ban \u00e9s k\u00f6rny\u00e9k\u00e9n, a Kanizsai utc\u00e1ban, a Jutai \u00e9s a V\u00e1s\u00e1rt\u00e9ri \u00faton, az Izz\u00f3 \u00e9s a Nagyg\u00e1t utc\u00e1ban.<\/p>\n<div class=\"kv-page-margin-1\">\u00a0<\/div>\n<p><img loading=\"lazy\" class=\"alignnone size-large wp-image-1510\" src=\"https:\/\/otthon.kaposvar.hu\/wp-content\/uploads\/2017\/05\/27-foglalkoztatottsag_web-1024x684.jpg\" alt=\"\" width=\"1024\" height=\"684\" srcset=\"https:\/\/otthon.kaposvar.hu\/wp-content\/uploads\/2017\/05\/27-foglalkoztatottsag_web-1024x684.jpg 1024w, https:\/\/otthon.kaposvar.hu\/wp-content\/uploads\/2017\/05\/27-foglalkoztatottsag_web-300x200.jpg 300w, https:\/\/otthon.kaposvar.hu\/wp-content\/uploads\/2017\/05\/27-foglalkoztatottsag_web-768x513.jpg 768w, https:\/\/otthon.kaposvar.hu\/wp-content\/uploads\/2017\/05\/27-foglalkoztatottsag_web.jpg 2000w\" sizes=\"(max-width: 1024px) 100vw, 1024px\" \/><\/p>\n<div class=\"kv-page-margin-1\">\u00a0<\/div>\n<h2 class=\"kv-page-content-title\">Foglalkoztat\u00e1si egy\u00fcttm\u0171k\u00f6d\u00e9sek, foglalkoztat\u00e1si paktum: 1,2 milli\u00e1rd forint<\/h2>\n<p class=\"kv-page-content-paragraph\">C\u00e9lunk a teljes foglalkoztatotts\u00e1g.<\/p>\n<p class=\"kv-page-content-paragraph\">Tizenhat \u00e9ve nem volt olyan alacsony a munkan\u00e9lk\u00fcliek sz\u00e1ma, mint ma, de c\u00e9lunkat m\u00e9g nem \u00e9rt\u00fck el. Foglalkoztat\u00e1si paktumunk 843 h\u00e1tr\u00e1nyos helyzet\u0171 dolgozni akar\u00f3nak ad lehet\u0151s\u00e9get az el\u0151rel\u00e9p\u00e9sre.<\/p>\n<div class=\"kv-page-margin-1\">\u00a0<\/div>\n<p><\/p>","protected":false},"excerpt":{"rendered":"<p>Tisztelt Kaposv\u00e1riak! \u00a0 \u00d3ri\u00e1si lehet\u0151s\u00e9g el\u0151tt \u00e1ll v\u00e1rosunk. T\u00f6bb\u00e9ves el\u0151k\u00e9sz\u00edt\u00e9s ut\u00e1n megkezdj\u00fck Kaposv\u00e1ron az \u00e9vsz\u00e1zad beruh\u00e1z\u00e1si programj\u00e1t, amelyet N\u00e9meth Istv\u00e1nr\u00f3l, a 20. sz\u00e1zad elej\u00e9nek jeles v\u00e1ros\u00e9p\u00edt\u0151 polg\u00e1rmester\u00e9r\u0151l nevezt\u00fcnk el. A k\u00f6vetkez\u0151 h\u00e1rom \u00e9vben nagyobb fejl\u0151d\u00e9st fogunk \u00e9rz\u00e9kelni v\u00e1rosunkban, mint az elm\u00falt k\u00e9t \u00e9s f\u00e9l \u00e9vtizedben \u00f6sszesen. A Modern V\u00e1rosok Program \u00e9s a Ter\u00fcleti Operat\u00edv Program [&hellip;]<\/p>\n","protected":false},"author":13,"featured_media":1480,"comment_status":"closed","ping_status":"closed","sticky":false,"template":"","format":"standard","meta":[],"categories":[271],"tags":[],"acf":[],"yoast_head":"<!-- This site is optimized with the Yoast SEO plugin v19.8 - https:\/\/yoast.com\/wordpress\/plugins\/seo\/ -->\n<title>N\u00e9meth Istv\u00e1n Program - Kaposv\u00e1r Megyei Jog\u00fa V\u00e1ros<\/title>\n<meta name=\"robots\" content=\"index, follow, max-snippet:-1, max-image-preview:large, max-video-preview:-1\" \/>\n<link rel=\"canonical\" href=\"https:\/\/otthon.kaposvar.hu\/hu\/fejlodes\/nemeth-istvan-program\/\" \/>\n<meta property=\"og:locale\" content=\"hu_HU\" \/>\n<meta property=\"og:type\" content=\"article\" \/>\n<meta property=\"og:title\" content=\"N\u00e9meth Istv\u00e1n Program - Kaposv\u00e1r Megyei Jog\u00fa V\u00e1ros\" \/>\n<meta property=\"og:description\" content=\"Tisztelt Kaposv\u00e1riak! \u00a0 \u00d3ri\u00e1si lehet\u0151s\u00e9g el\u0151tt \u00e1ll v\u00e1rosunk. T\u00f6bb\u00e9ves el\u0151k\u00e9sz\u00edt\u00e9s ut\u00e1n megkezdj\u00fck Kaposv\u00e1ron az \u00e9vsz\u00e1zad beruh\u00e1z\u00e1si programj\u00e1t, amelyet N\u00e9meth Istv\u00e1nr\u00f3l, a 20. sz\u00e1zad elej\u00e9nek jeles v\u00e1ros\u00e9p\u00edt\u0151 polg\u00e1rmester\u00e9r\u0151l nevezt\u00fcnk el. A k\u00f6vetkez\u0151 h\u00e1rom \u00e9vben nagyobb fejl\u0151d\u00e9st fogunk \u00e9rz\u00e9kelni v\u00e1rosunkban, mint az elm\u00falt k\u00e9t \u00e9s f\u00e9l \u00e9vtizedben \u00f6sszesen. A Modern V\u00e1rosok Program \u00e9s a Ter\u00fcleti Operat\u00edv Program [&hellip;]\" \/>\n<meta property=\"og:url\" content=\"https:\/\/otthon.kaposvar.hu\/hu\/fejlodes\/nemeth-istvan-program\/\" \/>\n<meta property=\"og:site_name\" content=\"Kaposv\u00e1r Megyei Jog\u00fa V\u00e1ros\" \/>\n<meta property=\"article:publisher\" content=\"https:\/\/www.facebook.com\/cityofkaposvar\/\" \/>\n<meta property=\"article:published_time\" content=\"2018-09-02T12:40:53+00:00\" \/>\n<meta property=\"article:modified_time\" content=\"2018-09-05T09:50:45+00:00\" \/>\n<meta property=\"og:image\" content=\"https:\/\/otthon.kaposvar.hu\/wp-content\/uploads\/2017\/05\/nemeth-istvan-program_web.jpg\" \/>\n\t<meta property=\"og:image:width\" content=\"2000\" \/>\n\t<meta property=\"og:image:height\" content=\"1122\" \/>\n\t<meta property=\"og:image:type\" content=\"image\/jpeg\" \/>\n<meta name=\"author\" content=\"Kov\u00e1cs Krist\u00f3f\" \/>\n<meta name=\"twitter:card\" content=\"summary_large_image\" \/>\n<meta name=\"twitter:label1\" content=\"Szerz\u0151:\" \/>\n\t<meta name=\"twitter:data1\" content=\"Kov\u00e1cs Krist\u00f3f\" \/>\n\t<meta name=\"twitter:label2\" content=\"Becs\u00fclt olvas\u00e1si id\u0151\" \/>\n\t<meta name=\"twitter:data2\" content=\"16 perc\" \/>\n<script type=\"application\/ld+json\" class=\"yoast-schema-graph\">{\"@context\":\"https:\/\/schema.org\",\"@graph\":[{\"@type\":\"Article\",\"@id\":\"https:\/\/otthon.kaposvar.hu\/hu\/fejlodes\/nemeth-istvan-program\/#article\",\"isPartOf\":{\"@id\":\"https:\/\/otthon.kaposvar.hu\/hu\/fejlodes\/nemeth-istvan-program\/\"},\"author\":{\"name\":\"Kov\u00e1cs Krist\u00f3f\",\"@id\":\"https:\/\/otthon.kaposvar.hu\/hu\/#\/schema\/person\/a876ec9a97351f354794f1e4e58fad4b\"},\"headline\":\"N\u00e9meth Istv\u00e1n Program\",\"datePublished\":\"2018-09-02T12:40:53+00:00\",\"dateModified\":\"2018-09-05T09:50:45+00:00\",\"mainEntityOfPage\":{\"@id\":\"https:\/\/otthon.kaposvar.hu\/hu\/fejlodes\/nemeth-istvan-program\/\"},\"wordCount\":3140,\"publisher\":{\"@id\":\"https:\/\/otthon.kaposvar.hu\/hu\/#organization\"},\"articleSection\":[\"Fejl\u0151d\u00e9s\"],\"inLanguage\":\"hu\"},{\"@type\":\"WebPage\",\"@id\":\"https:\/\/otthon.kaposvar.hu\/hu\/fejlodes\/nemeth-istvan-program\/\",\"url\":\"https:\/\/otthon.kaposvar.hu\/hu\/fejlodes\/nemeth-istvan-program\/\",\"name\":\"N\u00e9meth Istv\u00e1n Program - Kaposv\u00e1r Megyei Jog\u00fa V\u00e1ros\",\"isPartOf\":{\"@id\":\"https:\/\/otthon.kaposvar.hu\/hu\/#website\"},\"datePublished\":\"2018-09-02T12:40:53+00:00\",\"dateModified\":\"2018-09-05T09:50:45+00:00\",\"breadcrumb\":{\"@id\":\"https:\/\/otthon.kaposvar.hu\/hu\/fejlodes\/nemeth-istvan-program\/#breadcrumb\"},\"inLanguage\":\"hu\",\"potentialAction\":[{\"@type\":\"ReadAction\",\"target\":[[\"https:\/\/otthon.kaposvar.hu\/hu\/fejlodes\/nemeth-istvan-program\/\"]]}]},{\"@type\":\"BreadcrumbList\",\"@id\":\"https:\/\/otthon.kaposvar.hu\/hu\/fejlodes\/nemeth-istvan-program\/#breadcrumb\",\"itemListElement\":[{\"@type\":\"ListItem\",\"position\":1,\"name\":\"Home\",\"item\":\"https:\/\/otthon.kaposvar.hu\/hu\/\"},{\"@type\":\"ListItem\",\"position\":2,\"name\":\"N\u00e9meth Istv\u00e1n Program\"}]},{\"@type\":\"WebSite\",\"@id\":\"https:\/\/otthon.kaposvar.hu\/hu\/#website\",\"url\":\"https:\/\/otthon.kaposvar.hu\/hu\/\",\"name\":\"Kaposv\u00e1r Megyei Jog\u00fa V\u00e1ros\",\"description\":\"\",\"publisher\":{\"@id\":\"https:\/\/otthon.kaposvar.hu\/hu\/#organization\"},\"potentialAction\":[{\"@type\":\"SearchAction\",\"target\":{\"@type\":\"EntryPoint\",\"urlTemplate\":\"https:\/\/otthon.kaposvar.hu\/hu\/?s={search_term_string}\"},\"query-input\":\"required name=search_term_string\"}],\"inLanguage\":\"hu\"},{\"@type\":\"Organization\",\"@id\":\"https:\/\/otthon.kaposvar.hu\/hu\/#organization\",\"name\":\"Kaposv\u00e1r Megyei Jog\u00fa V\u00e1ros\",\"url\":\"https:\/\/otthon.kaposvar.hu\/hu\/\",\"sameAs\":[\"https:\/\/www.instagram.com\/cityofkaposvar\/\",\"https:\/\/www.facebook.com\/cityofkaposvar\/\"],\"logo\":{\"@type\":\"ImageObject\",\"inLanguage\":\"hu\",\"@id\":\"https:\/\/otthon.kaposvar.hu\/hu\/#\/schema\/logo\/image\/\",\"url\":\"https:\/\/otthon.kaposvar.hu\/wp-content\/uploads\/2021\/10\/kaposvar_social.jpg\",\"contentUrl\":\"https:\/\/otthon.kaposvar.hu\/wp-content\/uploads\/2021\/10\/kaposvar_social.jpg\",\"width\":1200,\"height\":900,\"caption\":\"Kaposv\u00e1r Megyei Jog\u00fa V\u00e1ros\"},\"image\":{\"@id\":\"https:\/\/otthon.kaposvar.hu\/hu\/#\/schema\/logo\/image\/\"}},{\"@type\":\"Person\",\"@id\":\"https:\/\/otthon.kaposvar.hu\/hu\/#\/schema\/person\/a876ec9a97351f354794f1e4e58fad4b\",\"name\":\"Kov\u00e1cs Krist\u00f3f\",\"image\":{\"@type\":\"ImageObject\",\"inLanguage\":\"hu\",\"@id\":\"https:\/\/otthon.kaposvar.hu\/hu\/#\/schema\/person\/image\/\",\"url\":\"https:\/\/secure.gravatar.com\/avatar\/4860be26ed124f41c97ed8f0026220f4?s=96&d=mm&r=g\",\"contentUrl\":\"https:\/\/secure.gravatar.com\/avatar\/4860be26ed124f41c97ed8f0026220f4?s=96&d=mm&r=g\",\"caption\":\"Kov\u00e1cs Krist\u00f3f\"}}]}<\/script>\n<!-- \/ Yoast SEO plugin. -->","yoast_head_json":{"title":"N\u00e9meth Istv\u00e1n Program - Kaposv\u00e1r Megyei Jog\u00fa V\u00e1ros","robots":{"index":"index","follow":"follow","max-snippet":"max-snippet:-1","max-image-preview":"max-image-preview:large","max-video-preview":"max-video-preview:-1"},"canonical":"https:\/\/otthon.kaposvar.hu\/hu\/fejlodes\/nemeth-istvan-program\/","og_locale":"hu_HU","og_type":"article","og_title":"N\u00e9meth Istv\u00e1n Program - Kaposv\u00e1r Megyei Jog\u00fa V\u00e1ros","og_description":"Tisztelt Kaposv\u00e1riak! \u00a0 \u00d3ri\u00e1si lehet\u0151s\u00e9g el\u0151tt \u00e1ll v\u00e1rosunk. T\u00f6bb\u00e9ves el\u0151k\u00e9sz\u00edt\u00e9s ut\u00e1n megkezdj\u00fck Kaposv\u00e1ron az \u00e9vsz\u00e1zad beruh\u00e1z\u00e1si programj\u00e1t, amelyet N\u00e9meth Istv\u00e1nr\u00f3l, a 20. sz\u00e1zad elej\u00e9nek jeles v\u00e1ros\u00e9p\u00edt\u0151 polg\u00e1rmester\u00e9r\u0151l nevezt\u00fcnk el. A k\u00f6vetkez\u0151 h\u00e1rom \u00e9vben nagyobb fejl\u0151d\u00e9st fogunk \u00e9rz\u00e9kelni v\u00e1rosunkban, mint az elm\u00falt k\u00e9t \u00e9s f\u00e9l \u00e9vtizedben \u00f6sszesen. A Modern V\u00e1rosok Program \u00e9s a Ter\u00fcleti Operat\u00edv Program [&hellip;]","og_url":"https:\/\/otthon.kaposvar.hu\/hu\/fejlodes\/nemeth-istvan-program\/","og_site_name":"Kaposv\u00e1r Megyei Jog\u00fa V\u00e1ros","article_publisher":"https:\/\/www.facebook.com\/cityofkaposvar\/","article_published_time":"2018-09-02T12:40:53+00:00","article_modified_time":"2018-09-05T09:50:45+00:00","og_image":[{"width":2000,"height":1122,"url":"https:\/\/otthon.kaposvar.hu\/wp-content\/uploads\/2017\/05\/nemeth-istvan-program_web.jpg","type":"image\/jpeg"}],"author":"Kov\u00e1cs Krist\u00f3f","twitter_card":"summary_large_image","twitter_misc":{"Szerz\u0151:":"Kov\u00e1cs Krist\u00f3f","Becs\u00fclt olvas\u00e1si id\u0151":"16 perc"},"schema":{"@context":"https:\/\/schema.org","@graph":[{"@type":"Article","@id":"https:\/\/otthon.kaposvar.hu\/hu\/fejlodes\/nemeth-istvan-program\/#article","isPartOf":{"@id":"https:\/\/otthon.kaposvar.hu\/hu\/fejlodes\/nemeth-istvan-program\/"},"author":{"name":"Kov\u00e1cs Krist\u00f3f","@id":"https:\/\/otthon.kaposvar.hu\/hu\/#\/schema\/person\/a876ec9a97351f354794f1e4e58fad4b"},"headline":"N\u00e9meth Istv\u00e1n Program","datePublished":"2018-09-02T12:40:53+00:00","dateModified":"2018-09-05T09:50:45+00:00","mainEntityOfPage":{"@id":"https:\/\/otthon.kaposvar.hu\/hu\/fejlodes\/nemeth-istvan-program\/"},"wordCount":3140,"publisher":{"@id":"https:\/\/otthon.kaposvar.hu\/hu\/#organization"},"articleSection":["Fejl\u0151d\u00e9s"],"inLanguage":"hu"},{"@type":"WebPage","@id":"https:\/\/otthon.kaposvar.hu\/hu\/fejlodes\/nemeth-istvan-program\/","url":"https:\/\/otthon.kaposvar.hu\/hu\/fejlodes\/nemeth-istvan-program\/","name":"N\u00e9meth Istv\u00e1n Program - Kaposv\u00e1r Megyei Jog\u00fa V\u00e1ros","isPartOf":{"@id":"https:\/\/otthon.kaposvar.hu\/hu\/#website"},"datePublished":"2018-09-02T12:40:53+00:00","dateModified":"2018-09-05T09:50:45+00:00","breadcrumb":{"@id":"https:\/\/otthon.kaposvar.hu\/hu\/fejlodes\/nemeth-istvan-program\/#breadcrumb"},"inLanguage":"hu","potentialAction":[{"@type":"ReadAction","target":[["https:\/\/otthon.kaposvar.hu\/hu\/fejlodes\/nemeth-istvan-program\/"]]}]},{"@type":"BreadcrumbList","@id":"https:\/\/otthon.kaposvar.hu\/hu\/fejlodes\/nemeth-istvan-program\/#breadcrumb","itemListElement":[{"@type":"ListItem","position":1,"name":"Home","item":"https:\/\/otthon.kaposvar.hu\/hu\/"},{"@type":"ListItem","position":2,"name":"N\u00e9meth Istv\u00e1n Program"}]},{"@type":"WebSite","@id":"https:\/\/otthon.kaposvar.hu\/hu\/#website","url":"https:\/\/otthon.kaposvar.hu\/hu\/","name":"Kaposv\u00e1r Megyei Jog\u00fa V\u00e1ros","description":"","publisher":{"@id":"https:\/\/otthon.kaposvar.hu\/hu\/#organization"},"potentialAction":[{"@type":"SearchAction","target":{"@type":"EntryPoint","urlTemplate":"https:\/\/otthon.kaposvar.hu\/hu\/?s={search_term_string}"},"query-input":"required name=search_term_string"}],"inLanguage":"hu"},{"@type":"Organization","@id":"https:\/\/otthon.kaposvar.hu\/hu\/#organization","name":"Kaposv\u00e1r Megyei Jog\u00fa V\u00e1ros","url":"https:\/\/otthon.kaposvar.hu\/hu\/","sameAs":["https:\/\/www.instagram.com\/cityofkaposvar\/","https:\/\/www.facebook.com\/cityofkaposvar\/"],"logo":{"@type":"ImageObject","inLanguage":"hu","@id":"https:\/\/otthon.kaposvar.hu\/hu\/#\/schema\/logo\/image\/","url":"https:\/\/otthon.kaposvar.hu\/wp-content\/uploads\/2021\/10\/kaposvar_social.jpg","contentUrl":"https:\/\/otthon.kaposvar.hu\/wp-content\/uploads\/2021\/10\/kaposvar_social.jpg","width":1200,"height":900,"caption":"Kaposv\u00e1r Megyei Jog\u00fa V\u00e1ros"},"image":{"@id":"https:\/\/otthon.kaposvar.hu\/hu\/#\/schema\/logo\/image\/"}},{"@type":"Person","@id":"https:\/\/otthon.kaposvar.hu\/hu\/#\/schema\/person\/a876ec9a97351f354794f1e4e58fad4b","name":"Kov\u00e1cs Krist\u00f3f","image":{"@type":"ImageObject","inLanguage":"hu","@id":"https:\/\/otthon.kaposvar.hu\/hu\/#\/schema\/person\/image\/","url":"https:\/\/secure.gravatar.com\/avatar\/4860be26ed124f41c97ed8f0026220f4?s=96&d=mm&r=g","contentUrl":"https:\/\/secure.gravatar.com\/avatar\/4860be26ed124f41c97ed8f0026220f4?s=96&d=mm&r=g","caption":"Kov\u00e1cs Krist\u00f3f"}}]}},"_links":{"self":[{"href":"https:\/\/otthon.kaposvar.hu\/hu\/wp-json\/wp\/v2\/posts\/1870"}],"collection":[{"href":"https:\/\/otthon.kaposvar.hu\/hu\/wp-json\/wp\/v2\/posts"}],"about":[{"href":"https:\/\/otthon.kaposvar.hu\/hu\/wp-json\/wp\/v2\/types\/post"}],"author":[{"embeddable":true,"href":"https:\/\/otthon.kaposvar.hu\/hu\/wp-json\/wp\/v2\/users\/13"}],"replies":[{"embeddable":true,"href":"https:\/\/otthon.kaposvar.hu\/hu\/wp-json\/wp\/v2\/comments?post=1870"}],"version-history":[{"count":0,"href":"https:\/\/otthon.kaposvar.hu\/hu\/wp-json\/wp\/v2\/posts\/1870\/revisions"}],"wp:featuredmedia":[{"embeddable":true,"href":"https:\/\/otthon.kaposvar.hu\/hu\/wp-json\/wp\/v2\/media\/1480"}],"wp:attachment":[{"href":"https:\/\/otthon.kaposvar.hu\/hu\/wp-json\/wp\/v2\/media?parent=1870"}],"wp:term":[{"taxonomy":"category","embeddable":true,"href":"https:\/\/otthon.kaposvar.hu\/hu\/wp-json\/wp\/v2\/categories?post=1870"},{"taxonomy":"post_tag","embeddable":true,"href":"https:\/\/otthon.kaposvar.hu\/hu\/wp-json\/wp\/v2\/tags?post=1870"}],"curies":[{"name":"wp","href":"https:\/\/api.w.org\/{rel}","templated":true}]}}