{"id":12297,"date":"2026-01-28T16:11:04","date_gmt":"2026-01-28T15:11:04","guid":{"rendered":"https:\/\/otthon.kaposvar.hu\/?p=12297"},"modified":"2026-01-28T16:11:25","modified_gmt":"2026-01-28T15:11:25","slug":"kassai-lajos-kaposvar-uj-diszpolgara","status":"publish","type":"post","link":"https:\/\/otthon.kaposvar.hu\/hu\/hirek\/kassai-lajos-kaposvar-uj-diszpolgara\/","title":{"rendered":"Kassai Lajos Kaposv\u00e1r \u00faj d\u00edszpolg\u00e1ra"},"content":{"rendered":"<p><\/p>\n<blockquote class=\"kv-page-content-blockquote\"><p>Kaposv\u00e1r &#8220;sz\u00fclet\u00e9snapj\u00e1n&#8221;, \u00fcnnepi k\u00f6zgy\u0171l\u00e9s keretien bel\u00fcl adt\u00e1k \u00e1t a v\u00e1ros kit\u00fcntet\u00e9seit mindazoknak, akik sokat tettek a somogyi megysz\u00e9khely\u00e9rt, s annak j\u00f3 h\u00edr\u00e9\u00e9rt.<\/p><\/blockquote>\n<p>A k\u00f6z\u00f6ss\u00e9g ereje, az \u00f6nrendelkez\u00e9s \u00e9s a b\u00e9k\u00e9s gyarapod\u00e1s jelentik Kaposv\u00e1r j\u00f6v\u0151j\u00e9nek alapj\u00e1t \u2013 hangs\u00falyozta Szita K\u00e1roly polg\u00e1rmester Kaposv\u00e1r napj\u00e1n, a Csiky Gergely Sz\u00ednh\u00e1zban tartott \u00fcnnepi k\u00f6zgy\u0171l\u00e9sen.<\/p>\n<p>A v\u00e1rosvezet\u0151 szerint ma ism\u00e9t olyan d\u00f6nt\u00e9sek el\u0151tt \u00e1llunk, amelyek nemcsak a jelenr\u0151l, hanem gyermekeink \u00e9s unok\u00e1ink j\u00f6v\u0151j\u00e9r\u0151l is sz\u00f3lnak.<\/p>\n<p>Kaposv\u00e1r napja t\u00f6bb mint t\u00f6rt\u00e9nelmi \u00e9vfordul\u00f3 \u2013 mondta Szita K\u00e1roly, felid\u00e9zve az 1873-ban kiv\u00edvott rendezett tan\u00e1cs\u00fa v\u00e1rosi rang jelent\u0151s\u00e9g\u00e9t. Az \u00f6nrendelkez\u00e9s akkor \u00e9s ma is azt jelenti: a v\u00e1ros polg\u00e1rai k\u00e9pesek saj\u00e1t sorsuk ir\u00e1ny\u00edt\u00e1s\u00e1ra, felel\u0151s d\u00f6nt\u00e9sek meghozatal\u00e1ra \u00e9s j\u00f6v\u0151j\u00fck alak\u00edt\u00e1s\u00e1ra.<\/p>\n<p><img loading=\"lazy\" class=\"alignnone size-full wp-image-12295\" src=\"https:\/\/otthon.kaposvar.hu\/wp-content\/uploads\/2026\/01\/1-scaled.jpg\" alt=\"\" width=\"2560\" height=\"1707\" srcset=\"https:\/\/otthon.kaposvar.hu\/wp-content\/uploads\/2026\/01\/1-scaled.jpg 2560w, https:\/\/otthon.kaposvar.hu\/wp-content\/uploads\/2026\/01\/1-300x200.jpg 300w, https:\/\/otthon.kaposvar.hu\/wp-content\/uploads\/2026\/01\/1-1024x683.jpg 1024w, https:\/\/otthon.kaposvar.hu\/wp-content\/uploads\/2026\/01\/1-768x512.jpg 768w, https:\/\/otthon.kaposvar.hu\/wp-content\/uploads\/2026\/01\/1-1536x1024.jpg 1536w, https:\/\/otthon.kaposvar.hu\/wp-content\/uploads\/2026\/01\/1-2048x1365.jpg 2048w, https:\/\/otthon.kaposvar.hu\/wp-content\/uploads\/2026\/01\/1-1920x1280.jpg 1920w\" sizes=\"(max-width: 2560px) 100vw, 2560px\" \/><\/p>\n<p>A polg\u00e1rmester hangs\u00falyozta: az elm\u00falt \u00e9vek rendk\u00edv\u00fcli kih\u00edv\u00e1sai \u2013 j\u00e1rv\u00e1ny, gazdas\u00e1gi v\u00e1ls\u00e1g, energiakr\u00edzis, h\u00e1bor\u00fa \u2013 ellen\u00e9re Kaposv\u00e1r m\u0171k\u00f6d\u00f6tt, fejl\u0151d\u00f6tt \u00e9s \u00e9p\u00fclt. \u201eEz egy v\u00e1ros k\u00f6z\u00f6s teljes\u00edtm\u00e9nye\u201d \u2013 fogalmazott, k\u00f6sz\u00f6netet mondva mindazoknak, akik munk\u00e1jukkal hozz\u00e1j\u00e1rultak a k\u00f6z\u00f6ss\u00e9g j\u00f3l\u00e9t\u00e9hez: pedag\u00f3gusoknak, eg\u00e9szs\u00e9g\u00fcgyi dolgoz\u00f3knak, v\u00e1llalkoz\u00f3knak, munk\u00e1soknak, gazd\u00e1knak, k\u00f6zszolg\u00e1knak \u00e9s csal\u00e1doknak.<\/p>\n<p>Szita K\u00e1roly eml\u00e9keztetett: Kaposv\u00e1ron a fejl\u0151d\u00e9s soha nem volt mag\u00e1t\u00f3l \u00e9rtet\u0151d\u0151. T\u00f6rt\u00e9nelmi p\u00e9ld\u00e1k sor\u00e1t id\u00e9zve mutatott r\u00e1, hogy a v\u00e1ros mindig akkor tudott el\u0151rel\u00e9pni, amikor hossz\u00fa t\u00e1vra sz\u00f3l\u00f3, b\u00e1tor d\u00f6nt\u00e9sek sz\u00fclettek. \u201eA j\u00f6v\u0151 nem mag\u00e1t\u00f3l alakul. A j\u00f6v\u0151t alak\u00edtani kell\u201d \u2013 jelentette ki.<\/p>\n<p>A polg\u00e1rmester szerint Kaposv\u00e1r az elm\u00falt \u00e9vtizedben az elm\u00falt sz\u00e1z \u00e9v legnagyobb fejleszt\u00e9si korszak\u00e1t \u00e9lte meg: meg\u00e9p\u00fclt a 67-es gyorsforgalmi \u00fat, meg\u00fajult a Csiky Gergely Sz\u00ednh\u00e1z, elk\u00e9sz\u00fclt az ar\u00e9na, a versenyuszoda \u00e9s az \u00faj k\u00f6zleked\u00e9si k\u00f6zpont, mik\u00f6zben a v\u00e1rosszerkezet is emberk\u00f6zpont\u00fav\u00e1 v\u00e1lt.<\/p>\n<p>Besz\u00e9d\u00e9ben hangs\u00falyosan sz\u00f3lt a jelen kih\u00edv\u00e1sair\u00f3l is. \u00dagy fogalmazott: ma nem fegyverrel, hanem okos d\u00f6nt\u00e9sekkel kell megv\u00e9deni a b\u00e9k\u00e9t, a biztons\u00e1got \u00e9s az \u00f6nrendelkez\u00e9st. \u201eOlyan orsz\u00e1gban akarunk \u00e9lni, ahol mi d\u00f6nt\u00fcnk a sorsunkr\u00f3l, ahol a csal\u00e1d \u00e9rt\u00e9k, \u00e9s ahol a fejl\u0151d\u00e9s kisz\u00e1m\u00edthat\u00f3\u201d \u2013 mondta.<\/p>\n<p>Kaposv\u00e1r napj\u00e1n Szita K\u00e1roly szerint nemcsak eml\u00e9kezni kell, hanem felel\u0151ss\u00e9get is v\u00e1llalni a j\u00f6v\u0151\u00e9rt. \u201e1873-ban el\u0151deink kiv\u00edvt\u00e1k az \u00f6nrendelkez\u00e9s jog\u00e1t. Ma rajtunk a sor, hogy meg is v\u00e9dj\u00fck\u201d \u2013 z\u00e1rta besz\u00e9d\u00e9t.<\/p>\n<p><img loading=\"lazy\" class=\"alignnone size-full wp-image-12293\" src=\"https:\/\/otthon.kaposvar.hu\/wp-content\/uploads\/2026\/01\/8-scaled.jpg\" alt=\"\" width=\"2560\" height=\"1706\" srcset=\"https:\/\/otthon.kaposvar.hu\/wp-content\/uploads\/2026\/01\/8-scaled.jpg 2560w, https:\/\/otthon.kaposvar.hu\/wp-content\/uploads\/2026\/01\/8-300x200.jpg 300w, https:\/\/otthon.kaposvar.hu\/wp-content\/uploads\/2026\/01\/8-1024x683.jpg 1024w, https:\/\/otthon.kaposvar.hu\/wp-content\/uploads\/2026\/01\/8-768x512.jpg 768w, https:\/\/otthon.kaposvar.hu\/wp-content\/uploads\/2026\/01\/8-1536x1024.jpg 1536w, https:\/\/otthon.kaposvar.hu\/wp-content\/uploads\/2026\/01\/8-2048x1365.jpg 2048w, https:\/\/otthon.kaposvar.hu\/wp-content\/uploads\/2026\/01\/8-1920x1280.jpg 1920w\" sizes=\"(max-width: 2560px) 100vw, 2560px\" \/><\/p>\n<p><strong>\u0150k az idei d\u00edjazottak:<\/strong><\/p>\n<p>\u201e<em><strong>Kaposv\u00e1r V\u00e1ros D\u00edszpolg\u00e1ra\u201d kit\u00fcntet\u0151 c\u00edm:<\/strong><\/em><\/p>\n<ul>\n<li>Kassai Lajos \u00edjk\u00e9sz\u00edt\u0151, lovas \u00edj\u00e1sz<\/li>\n<\/ul>\n<p><em><strong>\u201ePro Urbe Kaposv\u00e1r\u201d kit\u00fcntet\u00e9s<\/strong><\/em><\/p>\n<ul>\n<li>Lengyel J\u00e1nos \u00fajs\u00e1g\u00edr\u00f3, a Somogyi H\u00edrlap volt f\u0151szerkeszt\u0151je<\/li>\n<li>id. dr. Pavlovics Gy\u00f6rgy h\u00e1zi gyermekorvos<\/li>\n<li>Szab\u00f3 Ferenc, a Szab\u00f3 Fogasker\u00e9kgy\u00e1rt\u00f3 Kft. \u00fcgyvezet\u0151je<\/li>\n<li>Tak\u00e1ts Gyula V\u00e1rmegyei Hat\u00f3k\u00f6r\u0171 V\u00e1rosi K\u00f6nyvt\u00e1r<\/li>\n<\/ul>\n<p><em><strong>\u201eKaposv\u00e1r Szolg\u00e1lat\u00e1\u00e9rt\u201d kit\u00fcntet\u00e9s<\/strong><\/em><\/p>\n<ul>\n<li>dr. Bertalan P\u00e9ter Tam\u00e1s t\u00f6rt\u00e9n\u00e9sz, politol\u00f3gus, tan\u00e1r<\/li>\n<li>Czipp\u00e1n S\u00e1ndorn\u00e9, a Tar Csat\u00e1r Tag\u00f3voda \u00f3vodapedag\u00f3gusa<\/li>\n<li>dr. Cz\u00f3bel G\u00e1bor traumatol\u00f3gus f\u0151orvos, k\u00e9zspecialista<\/li>\n<li>dr. Farag\u00f3 Mikl\u00f3s feln\u0151tt h\u00e1ziorvos<\/li>\n<li>Heged\u0171s Zolt\u00e1n, Somogy V\u00e1rmegyei Katasztr\u00f3fav\u00e9delmi Igazgat\u00f3s\u00e1g c\u00edmzetes t\u00fc. t\u00f6rzsz\u00e1szl\u00f3s<\/li>\n<li>Kis Jen\u0151, Kaposv\u00e1ri Rend\u0151rkapit\u00e1nys\u00e1g r. \u0151rgy<\/li>\n<li>Kiss G\u00e1bor, a MATE Egyetemi K\u00f6nyvt\u00e1r \u00e9s Lev\u00e9lt\u00e1r igazgat\u00f3ja<\/li>\n<li>Kiss Istv\u00e1n, a Csiky Gergely Sz\u00ednh\u00e1z kell\u00e9kt\u00e1rvezet\u0151je<\/li>\n<li>Luk\u00e1csn\u00e9 Horv\u00e1th Erika, a Polg\u00e1rmesteri Hivatal aljegyz\u0151i titk\u00e1rn\u0151je<\/li>\n<li>Magyar Zsoltn\u00e9, a T\u00e1tika B\u00f6lcs\u0151de b\u00f6lcs\u0151devezet\u0151je<\/li>\n<li>Nagyn\u00e9 Barka Zsuzsanna, a Polg\u00e1rmesteri Hivatal p\u00e9nz\u00fcgyi \u00fcgyint\u00e9z\u0151je<\/li>\n<li>\u0150szi Zolt\u00e1n, a Rippl-R\u00f3nai V\u00e1rmegyei Hat\u00f3k\u00f6r\u0171 V\u00e1rosi M\u00fazeum m\u00fazeumpedag\u00f3gusa<\/li>\n<li>Pongr\u00e1czn\u00e9 dr. Csorba \u00c9va, a Somogy V\u00e1rmegyei \u00dcgyv\u00e9di Kamara eln\u00f6ke<\/li>\n<li>Ratk\u00f3czy G\u00e1bor, a Kaposv\u00e1ri \u00d6nkorm\u00e1nyzati Vagyonkezel\u0151 h\u00e1zkezel\u00e9si m\u0171szaki vezet\u0151je<\/li>\n<li>Szab\u00f3 Zolt\u00e1nn\u00e9 Kudomr\u00e1k Zsuzsanna, a Kod\u00e1ly Zolt\u00e1n K\u00f6zponti \u00c1ltal\u00e1nos Iskola f\u0151igazgat\u00f3ja<\/li>\n<\/ul>\n<p><em><strong>\u201e\u00c9v Sportol\u00f3ja\u201d<\/strong><\/em><\/p>\n<ul>\n<li>Szerafin Zs\u00f3fia S\u00e1ra kajakversenyz\u0151, Kaposv\u00e1ri V\u00edz\u00fcgyi Sport Club<\/li>\n<li>Naji D\u00e1vid judo versenyz\u0151, Kaposv\u00e1ri Sportiskola Ut\u00e1np\u00f3tl\u00e1s SE<\/li>\n<li>Kaposv\u00e1ri N\u0151i R\u00f6plabda Club &#8211; feln\u0151tt n\u0151i r\u00f6plabdacsapata<\/li>\n<\/ul>\n<p><img loading=\"lazy\" class=\"alignnone size-full wp-image-12292\" src=\"https:\/\/otthon.kaposvar.hu\/wp-content\/uploads\/2026\/01\/IMG_5985-scaled.jpg\" alt=\"\" width=\"2560\" height=\"1707\" srcset=\"https:\/\/otthon.kaposvar.hu\/wp-content\/uploads\/2026\/01\/IMG_5985-scaled.jpg 2560w, https:\/\/otthon.kaposvar.hu\/wp-content\/uploads\/2026\/01\/IMG_5985-300x200.jpg 300w, https:\/\/otthon.kaposvar.hu\/wp-content\/uploads\/2026\/01\/IMG_5985-1024x683.jpg 1024w, https:\/\/otthon.kaposvar.hu\/wp-content\/uploads\/2026\/01\/IMG_5985-768x512.jpg 768w, https:\/\/otthon.kaposvar.hu\/wp-content\/uploads\/2026\/01\/IMG_5985-1536x1024.jpg 1536w, https:\/\/otthon.kaposvar.hu\/wp-content\/uploads\/2026\/01\/IMG_5985-2048x1365.jpg 2048w, https:\/\/otthon.kaposvar.hu\/wp-content\/uploads\/2026\/01\/IMG_5985-1920x1280.jpg 1920w\" sizes=\"(max-width: 2560px) 100vw, 2560px\" \/><\/p>\n<p><\/p>","protected":false},"excerpt":{"rendered":"<p>Kaposv\u00e1r &#8220;sz\u00fclet\u00e9snapj\u00e1n&#8221;, \u00fcnnepi k\u00f6zgy\u0171l\u00e9s keretien bel\u00fcl adt\u00e1k \u00e1t a v\u00e1ros kit\u00fcntet\u00e9seit mindazoknak, akik sokat tettek a somogyi megysz\u00e9khely\u00e9rt, s annak j\u00f3 h\u00edr\u00e9\u00e9rt. A k\u00f6z\u00f6ss\u00e9g ereje, az \u00f6nrendelkez\u00e9s \u00e9s a b\u00e9k\u00e9s gyarapod\u00e1s jelentik Kaposv\u00e1r j\u00f6v\u0151j\u00e9nek alapj\u00e1t \u2013 hangs\u00falyozta Szita K\u00e1roly polg\u00e1rmester Kaposv\u00e1r napj\u00e1n, a Csiky Gergely Sz\u00ednh\u00e1zban tartott \u00fcnnepi k\u00f6zgy\u0171l\u00e9sen. A v\u00e1rosvezet\u0151 szerint ma ism\u00e9t olyan [&hellip;]<\/p>\n","protected":false},"author":17,"featured_media":12296,"comment_status":"closed","ping_status":"closed","sticky":false,"template":"","format":"standard","meta":[],"categories":[3],"tags":[],"acf":[],"yoast_head":"<!-- This site is optimized with the Yoast SEO plugin v19.8 - https:\/\/yoast.com\/wordpress\/plugins\/seo\/ -->\n<title>Kassai Lajos Kaposv\u00e1r \u00faj d\u00edszpolg\u00e1ra - Kaposv\u00e1r Megyei Jog\u00fa V\u00e1ros<\/title>\n<meta name=\"robots\" content=\"index, follow, max-snippet:-1, max-image-preview:large, max-video-preview:-1\" \/>\n<link rel=\"canonical\" href=\"https:\/\/otthon.kaposvar.hu\/hu\/hirek\/kassai-lajos-kaposvar-uj-diszpolgara\/\" \/>\n<meta property=\"og:locale\" content=\"hu_HU\" \/>\n<meta property=\"og:type\" content=\"article\" \/>\n<meta property=\"og:title\" content=\"Kassai Lajos Kaposv\u00e1r \u00faj d\u00edszpolg\u00e1ra - Kaposv\u00e1r Megyei Jog\u00fa V\u00e1ros\" \/>\n<meta property=\"og:description\" content=\"Kaposv\u00e1r &#8220;sz\u00fclet\u00e9snapj\u00e1n&#8221;, \u00fcnnepi k\u00f6zgy\u0171l\u00e9s keretien bel\u00fcl adt\u00e1k \u00e1t a v\u00e1ros kit\u00fcntet\u00e9seit mindazoknak, akik sokat tettek a somogyi megysz\u00e9khely\u00e9rt, s annak j\u00f3 h\u00edr\u00e9\u00e9rt. A k\u00f6z\u00f6ss\u00e9g ereje, az \u00f6nrendelkez\u00e9s \u00e9s a b\u00e9k\u00e9s gyarapod\u00e1s jelentik Kaposv\u00e1r j\u00f6v\u0151j\u00e9nek alapj\u00e1t \u2013 hangs\u00falyozta Szita K\u00e1roly polg\u00e1rmester Kaposv\u00e1r napj\u00e1n, a Csiky Gergely Sz\u00ednh\u00e1zban tartott \u00fcnnepi k\u00f6zgy\u0171l\u00e9sen. A v\u00e1rosvezet\u0151 szerint ma ism\u00e9t olyan [&hellip;]\" \/>\n<meta property=\"og:url\" content=\"https:\/\/otthon.kaposvar.hu\/hu\/hirek\/kassai-lajos-kaposvar-uj-diszpolgara\/\" \/>\n<meta property=\"og:site_name\" content=\"Kaposv\u00e1r Megyei Jog\u00fa V\u00e1ros\" \/>\n<meta property=\"article:publisher\" content=\"https:\/\/www.facebook.com\/cityofkaposvar\/\" \/>\n<meta property=\"article:published_time\" content=\"2026-01-28T15:11:04+00:00\" \/>\n<meta property=\"article:modified_time\" content=\"2026-01-28T15:11:25+00:00\" \/>\n<meta property=\"og:image\" content=\"https:\/\/otthon.kaposvar.hu\/wp-content\/uploads\/2026\/01\/0-scaled.jpg\" \/>\n\t<meta property=\"og:image:width\" content=\"2560\" \/>\n\t<meta property=\"og:image:height\" content=\"1920\" \/>\n\t<meta property=\"og:image:type\" content=\"image\/jpeg\" \/>\n<meta name=\"author\" content=\"kaposvarsajto\" \/>\n<meta name=\"twitter:card\" content=\"summary_large_image\" \/>\n<meta name=\"twitter:label1\" content=\"Szerz\u0151:\" \/>\n\t<meta name=\"twitter:data1\" content=\"kaposvarsajto\" \/>\n\t<meta name=\"twitter:label2\" content=\"Becs\u00fclt olvas\u00e1si id\u0151\" \/>\n\t<meta name=\"twitter:data2\" content=\"4 perc\" \/>\n<script type=\"application\/ld+json\" class=\"yoast-schema-graph\">{\"@context\":\"https:\/\/schema.org\",\"@graph\":[{\"@type\":\"Article\",\"@id\":\"https:\/\/otthon.kaposvar.hu\/hirek\/kassai-lajos-kaposvar-uj-diszpolgara\/#article\",\"isPartOf\":{\"@id\":\"https:\/\/otthon.kaposvar.hu\/hirek\/kassai-lajos-kaposvar-uj-diszpolgara\/\"},\"author\":{\"name\":\"kaposvarsajto\",\"@id\":\"https:\/\/otthon.kaposvar.hu\/hu\/#\/schema\/person\/cca27180656f8017557a44cdd66a6abd\"},\"headline\":\"Kassai Lajos Kaposv\u00e1r \u00faj d\u00edszpolg\u00e1ra\",\"datePublished\":\"2026-01-28T15:11:04+00:00\",\"dateModified\":\"2026-01-28T15:11:25+00:00\",\"mainEntityOfPage\":{\"@id\":\"https:\/\/otthon.kaposvar.hu\/hirek\/kassai-lajos-kaposvar-uj-diszpolgara\/\"},\"wordCount\":880,\"publisher\":{\"@id\":\"https:\/\/otthon.kaposvar.hu\/hu\/#organization\"},\"articleSection\":[\"H\u00edrek\"],\"inLanguage\":\"hu\"},{\"@type\":\"WebPage\",\"@id\":\"https:\/\/otthon.kaposvar.hu\/hu\/hirek\/kassai-lajos-kaposvar-uj-diszpolgara\/\",\"url\":\"https:\/\/otthon.kaposvar.hu\/hu\/hirek\/kassai-lajos-kaposvar-uj-diszpolgara\/\",\"name\":\"Kassai Lajos Kaposv\u00e1r \u00faj d\u00edszpolg\u00e1ra - Kaposv\u00e1r Megyei Jog\u00fa V\u00e1ros\",\"isPartOf\":{\"@id\":\"https:\/\/otthon.kaposvar.hu\/hu\/#website\"},\"datePublished\":\"2026-01-28T15:11:04+00:00\",\"dateModified\":\"2026-01-28T15:11:25+00:00\",\"breadcrumb\":{\"@id\":\"https:\/\/otthon.kaposvar.hu\/hu\/hirek\/kassai-lajos-kaposvar-uj-diszpolgara\/#breadcrumb\"},\"inLanguage\":\"hu\",\"potentialAction\":[{\"@type\":\"ReadAction\",\"target\":[[\"https:\/\/otthon.kaposvar.hu\/hu\/hirek\/kassai-lajos-kaposvar-uj-diszpolgara\/\"]]}]},{\"@type\":\"BreadcrumbList\",\"@id\":\"https:\/\/otthon.kaposvar.hu\/hu\/hirek\/kassai-lajos-kaposvar-uj-diszpolgara\/#breadcrumb\",\"itemListElement\":[{\"@type\":\"ListItem\",\"position\":1,\"name\":\"Home\",\"item\":\"https:\/\/otthon.kaposvar.hu\/hu\/\"},{\"@type\":\"ListItem\",\"position\":2,\"name\":\"Kassai Lajos Kaposv\u00e1r \u00faj d\u00edszpolg\u00e1ra\"}]},{\"@type\":\"WebSite\",\"@id\":\"https:\/\/otthon.kaposvar.hu\/hu\/#website\",\"url\":\"https:\/\/otthon.kaposvar.hu\/hu\/\",\"name\":\"Kaposv\u00e1r Megyei Jog\u00fa V\u00e1ros\",\"description\":\"\",\"publisher\":{\"@id\":\"https:\/\/otthon.kaposvar.hu\/hu\/#organization\"},\"potentialAction\":[{\"@type\":\"SearchAction\",\"target\":{\"@type\":\"EntryPoint\",\"urlTemplate\":\"https:\/\/otthon.kaposvar.hu\/hu\/?s={search_term_string}\"},\"query-input\":\"required name=search_term_string\"}],\"inLanguage\":\"hu\"},{\"@type\":\"Organization\",\"@id\":\"https:\/\/otthon.kaposvar.hu\/hu\/#organization\",\"name\":\"Kaposv\u00e1r Megyei Jog\u00fa V\u00e1ros\",\"url\":\"https:\/\/otthon.kaposvar.hu\/hu\/\",\"sameAs\":[\"https:\/\/www.instagram.com\/cityofkaposvar\/\",\"https:\/\/www.facebook.com\/cityofkaposvar\/\"],\"logo\":{\"@type\":\"ImageObject\",\"inLanguage\":\"hu\",\"@id\":\"https:\/\/otthon.kaposvar.hu\/hu\/#\/schema\/logo\/image\/\",\"url\":\"https:\/\/otthon.kaposvar.hu\/wp-content\/uploads\/2021\/10\/kaposvar_social.jpg\",\"contentUrl\":\"https:\/\/otthon.kaposvar.hu\/wp-content\/uploads\/2021\/10\/kaposvar_social.jpg\",\"width\":1200,\"height\":900,\"caption\":\"Kaposv\u00e1r Megyei Jog\u00fa V\u00e1ros\"},\"image\":{\"@id\":\"https:\/\/otthon.kaposvar.hu\/hu\/#\/schema\/logo\/image\/\"}},{\"@type\":\"Person\",\"@id\":\"https:\/\/otthon.kaposvar.hu\/hu\/#\/schema\/person\/cca27180656f8017557a44cdd66a6abd\",\"name\":\"kaposvarsajto\",\"image\":{\"@type\":\"ImageObject\",\"inLanguage\":\"hu\",\"@id\":\"https:\/\/otthon.kaposvar.hu\/hu\/#\/schema\/person\/image\/\",\"url\":\"https:\/\/secure.gravatar.com\/avatar\/e1f53300c4f0fc7bbcf58af47dd14808?s=96&d=mm&r=g\",\"contentUrl\":\"https:\/\/secure.gravatar.com\/avatar\/e1f53300c4f0fc7bbcf58af47dd14808?s=96&d=mm&r=g\",\"caption\":\"kaposvarsajto\"}}]}<\/script>\n<!-- \/ Yoast SEO plugin. -->","yoast_head_json":{"title":"Kassai Lajos Kaposv\u00e1r \u00faj d\u00edszpolg\u00e1ra - Kaposv\u00e1r Megyei Jog\u00fa V\u00e1ros","robots":{"index":"index","follow":"follow","max-snippet":"max-snippet:-1","max-image-preview":"max-image-preview:large","max-video-preview":"max-video-preview:-1"},"canonical":"https:\/\/otthon.kaposvar.hu\/hu\/hirek\/kassai-lajos-kaposvar-uj-diszpolgara\/","og_locale":"hu_HU","og_type":"article","og_title":"Kassai Lajos Kaposv\u00e1r \u00faj d\u00edszpolg\u00e1ra - Kaposv\u00e1r Megyei Jog\u00fa V\u00e1ros","og_description":"Kaposv\u00e1r &#8220;sz\u00fclet\u00e9snapj\u00e1n&#8221;, \u00fcnnepi k\u00f6zgy\u0171l\u00e9s keretien bel\u00fcl adt\u00e1k \u00e1t a v\u00e1ros kit\u00fcntet\u00e9seit mindazoknak, akik sokat tettek a somogyi megysz\u00e9khely\u00e9rt, s annak j\u00f3 h\u00edr\u00e9\u00e9rt. A k\u00f6z\u00f6ss\u00e9g ereje, az \u00f6nrendelkez\u00e9s \u00e9s a b\u00e9k\u00e9s gyarapod\u00e1s jelentik Kaposv\u00e1r j\u00f6v\u0151j\u00e9nek alapj\u00e1t \u2013 hangs\u00falyozta Szita K\u00e1roly polg\u00e1rmester Kaposv\u00e1r napj\u00e1n, a Csiky Gergely Sz\u00ednh\u00e1zban tartott \u00fcnnepi k\u00f6zgy\u0171l\u00e9sen. A v\u00e1rosvezet\u0151 szerint ma ism\u00e9t olyan [&hellip;]","og_url":"https:\/\/otthon.kaposvar.hu\/hu\/hirek\/kassai-lajos-kaposvar-uj-diszpolgara\/","og_site_name":"Kaposv\u00e1r Megyei Jog\u00fa V\u00e1ros","article_publisher":"https:\/\/www.facebook.com\/cityofkaposvar\/","article_published_time":"2026-01-28T15:11:04+00:00","article_modified_time":"2026-01-28T15:11:25+00:00","og_image":[{"width":2560,"height":1920,"url":"https:\/\/otthon.kaposvar.hu\/wp-content\/uploads\/2026\/01\/0-scaled.jpg","type":"image\/jpeg"}],"author":"kaposvarsajto","twitter_card":"summary_large_image","twitter_misc":{"Szerz\u0151:":"kaposvarsajto","Becs\u00fclt olvas\u00e1si id\u0151":"4 perc"},"schema":{"@context":"https:\/\/schema.org","@graph":[{"@type":"Article","@id":"https:\/\/otthon.kaposvar.hu\/hirek\/kassai-lajos-kaposvar-uj-diszpolgara\/#article","isPartOf":{"@id":"https:\/\/otthon.kaposvar.hu\/hirek\/kassai-lajos-kaposvar-uj-diszpolgara\/"},"author":{"name":"kaposvarsajto","@id":"https:\/\/otthon.kaposvar.hu\/hu\/#\/schema\/person\/cca27180656f8017557a44cdd66a6abd"},"headline":"Kassai Lajos Kaposv\u00e1r \u00faj d\u00edszpolg\u00e1ra","datePublished":"2026-01-28T15:11:04+00:00","dateModified":"2026-01-28T15:11:25+00:00","mainEntityOfPage":{"@id":"https:\/\/otthon.kaposvar.hu\/hirek\/kassai-lajos-kaposvar-uj-diszpolgara\/"},"wordCount":880,"publisher":{"@id":"https:\/\/otthon.kaposvar.hu\/hu\/#organization"},"articleSection":["H\u00edrek"],"inLanguage":"hu"},{"@type":"WebPage","@id":"https:\/\/otthon.kaposvar.hu\/hu\/hirek\/kassai-lajos-kaposvar-uj-diszpolgara\/","url":"https:\/\/otthon.kaposvar.hu\/hu\/hirek\/kassai-lajos-kaposvar-uj-diszpolgara\/","name":"Kassai Lajos Kaposv\u00e1r \u00faj d\u00edszpolg\u00e1ra - Kaposv\u00e1r Megyei Jog\u00fa V\u00e1ros","isPartOf":{"@id":"https:\/\/otthon.kaposvar.hu\/hu\/#website"},"datePublished":"2026-01-28T15:11:04+00:00","dateModified":"2026-01-28T15:11:25+00:00","breadcrumb":{"@id":"https:\/\/otthon.kaposvar.hu\/hu\/hirek\/kassai-lajos-kaposvar-uj-diszpolgara\/#breadcrumb"},"inLanguage":"hu","potentialAction":[{"@type":"ReadAction","target":[["https:\/\/otthon.kaposvar.hu\/hu\/hirek\/kassai-lajos-kaposvar-uj-diszpolgara\/"]]}]},{"@type":"BreadcrumbList","@id":"https:\/\/otthon.kaposvar.hu\/hu\/hirek\/kassai-lajos-kaposvar-uj-diszpolgara\/#breadcrumb","itemListElement":[{"@type":"ListItem","position":1,"name":"Home","item":"https:\/\/otthon.kaposvar.hu\/hu\/"},{"@type":"ListItem","position":2,"name":"Kassai Lajos Kaposv\u00e1r \u00faj d\u00edszpolg\u00e1ra"}]},{"@type":"WebSite","@id":"https:\/\/otthon.kaposvar.hu\/hu\/#website","url":"https:\/\/otthon.kaposvar.hu\/hu\/","name":"Kaposv\u00e1r Megyei Jog\u00fa V\u00e1ros","description":"","publisher":{"@id":"https:\/\/otthon.kaposvar.hu\/hu\/#organization"},"potentialAction":[{"@type":"SearchAction","target":{"@type":"EntryPoint","urlTemplate":"https:\/\/otthon.kaposvar.hu\/hu\/?s={search_term_string}"},"query-input":"required name=search_term_string"}],"inLanguage":"hu"},{"@type":"Organization","@id":"https:\/\/otthon.kaposvar.hu\/hu\/#organization","name":"Kaposv\u00e1r Megyei Jog\u00fa V\u00e1ros","url":"https:\/\/otthon.kaposvar.hu\/hu\/","sameAs":["https:\/\/www.instagram.com\/cityofkaposvar\/","https:\/\/www.facebook.com\/cityofkaposvar\/"],"logo":{"@type":"ImageObject","inLanguage":"hu","@id":"https:\/\/otthon.kaposvar.hu\/hu\/#\/schema\/logo\/image\/","url":"https:\/\/otthon.kaposvar.hu\/wp-content\/uploads\/2021\/10\/kaposvar_social.jpg","contentUrl":"https:\/\/otthon.kaposvar.hu\/wp-content\/uploads\/2021\/10\/kaposvar_social.jpg","width":1200,"height":900,"caption":"Kaposv\u00e1r Megyei Jog\u00fa V\u00e1ros"},"image":{"@id":"https:\/\/otthon.kaposvar.hu\/hu\/#\/schema\/logo\/image\/"}},{"@type":"Person","@id":"https:\/\/otthon.kaposvar.hu\/hu\/#\/schema\/person\/cca27180656f8017557a44cdd66a6abd","name":"kaposvarsajto","image":{"@type":"ImageObject","inLanguage":"hu","@id":"https:\/\/otthon.kaposvar.hu\/hu\/#\/schema\/person\/image\/","url":"https:\/\/secure.gravatar.com\/avatar\/e1f53300c4f0fc7bbcf58af47dd14808?s=96&d=mm&r=g","contentUrl":"https:\/\/secure.gravatar.com\/avatar\/e1f53300c4f0fc7bbcf58af47dd14808?s=96&d=mm&r=g","caption":"kaposvarsajto"}}]}},"_links":{"self":[{"href":"https:\/\/otthon.kaposvar.hu\/hu\/wp-json\/wp\/v2\/posts\/12297"}],"collection":[{"href":"https:\/\/otthon.kaposvar.hu\/hu\/wp-json\/wp\/v2\/posts"}],"about":[{"href":"https:\/\/otthon.kaposvar.hu\/hu\/wp-json\/wp\/v2\/types\/post"}],"author":[{"embeddable":true,"href":"https:\/\/otthon.kaposvar.hu\/hu\/wp-json\/wp\/v2\/users\/17"}],"replies":[{"embeddable":true,"href":"https:\/\/otthon.kaposvar.hu\/hu\/wp-json\/wp\/v2\/comments?post=12297"}],"version-history":[{"count":0,"href":"https:\/\/otthon.kaposvar.hu\/hu\/wp-json\/wp\/v2\/posts\/12297\/revisions"}],"wp:featuredmedia":[{"embeddable":true,"href":"https:\/\/otthon.kaposvar.hu\/hu\/wp-json\/wp\/v2\/media\/12296"}],"wp:attachment":[{"href":"https:\/\/otthon.kaposvar.hu\/hu\/wp-json\/wp\/v2\/media?parent=12297"}],"wp:term":[{"taxonomy":"category","embeddable":true,"href":"https:\/\/otthon.kaposvar.hu\/hu\/wp-json\/wp\/v2\/categories?post=12297"},{"taxonomy":"post_tag","embeddable":true,"href":"https:\/\/otthon.kaposvar.hu\/hu\/wp-json\/wp\/v2\/tags?post=12297"}],"curies":[{"name":"wp","href":"https:\/\/api.w.org\/{rel}","templated":true}]}}