{"id":12286,"date":"2026-01-20T08:45:24","date_gmt":"2026-01-20T07:45:24","guid":{"rendered":"https:\/\/otthon.kaposvar.hu\/?p=12286"},"modified":"2026-01-20T08:46:34","modified_gmt":"2026-01-20T07:46:34","slug":"ujabb-orvosi-rendelo-ujult-meg-kaposvaron-1-milliardbol-folytatodik-a-korszerusites","status":"publish","type":"post","link":"https:\/\/otthon.kaposvar.hu\/hu\/hirek\/ujabb-orvosi-rendelo-ujult-meg-kaposvaron-1-milliardbol-folytatodik-a-korszerusites\/","title":{"rendered":"\u00dajabb orvosi rendel\u0151 \u00fajult meg Kaposv\u00e1ron, 1 milli\u00e1rdb\u00f3l folytat\u00f3dik a korszer\u0171s\u00edt\u00e9s"},"content":{"rendered":"<p><\/p>\n<blockquote class=\"kv-page-content-blockquote\"><p>Elk\u00e9sz\u00fclt a Honv\u00e9d utcai betegell\u00e1t\u00f3hely fel\u00faj\u00edt\u00e1sa a v\u00e1rosban zajl\u00f3 orvosi rendel\u0151-korszer\u0171s\u00edt\u00e9si program r\u00e9szek\u00e9nt. A munk\u00e1latokr\u00f3l Szita K\u00e1roly polg\u00e1rmester adott t\u00e1j\u00e9koztat\u00e1st k\u00f6z\u00f6ss\u00e9gi oldal\u00e1n.<\/p><\/blockquote>\n<p>A fel\u00faj\u00edtott ingatlan a v\u00e1ros 5. sz\u00e1m\u00fa h\u00e1ziorvosi k\u00f6rzet\u00e9hez tartozik, \u00e9s a fejleszt\u00e9s sor\u00e1n a betegell\u00e1t\u00f3 hely m\u0171szaki \u00e1llapot\u00e1t korszer\u0171s\u00edtett\u00e9k.\u00a0<\/p>\n<p>A polg\u00e1rmester k\u00f6zl\u00e9se szerint 2026-ban mintegy egymilli\u00e1rd forintb\u00f3l tov\u00e1bbi t\u00edz orvosi rendel\u0151 korszer\u0171s\u00edt\u00e9se kezd\u0151dhet meg Kaposv\u00e1ron. A program c\u00e9lja a betegell\u00e1t\u00f3 helyek \u00e1llag\u00e1nak jav\u00edt\u00e1sa, a komfortn\u00f6vel\u00e9s, valamint a jobb munkak\u00f6rnyezet megteremt\u00e9se az eg\u00e9szs\u00e9g\u00fcgyi dolgoz\u00f3k sz\u00e1m\u00e1ra.\u00a0<\/p>\n<p>A fel\u00faj\u00edt\u00e1sok sor\u00e1n az \u00e9p\u00fcletek technikai \u00e1llapot\u00e1nak jav\u00edt\u00e1sa mellett az eszk\u00f6zell\u00e1t\u00e1s \u00e9s az akad\u00e1lymentes\u00edt\u00e9s is kiemelt szerepet kap.<\/p>\n<div class=\"fb-video\" data-href=\"https:\/\/www.facebook.com\/reel\/2405584896567910\/\" data-width=\"500\" data-show-text=\"false\">\u00a0<\/div>\n<p style=\"text-align: center;\">\u00a0<\/p>\n<p><\/p>","protected":false},"excerpt":{"rendered":"<p>Elk\u00e9sz\u00fclt a Honv\u00e9d utcai betegell\u00e1t\u00f3hely fel\u00faj\u00edt\u00e1sa a v\u00e1rosban zajl\u00f3 orvosi rendel\u0151-korszer\u0171s\u00edt\u00e9si program r\u00e9szek\u00e9nt. A munk\u00e1latokr\u00f3l Szita K\u00e1roly polg\u00e1rmester adott t\u00e1j\u00e9koztat\u00e1st k\u00f6z\u00f6ss\u00e9gi oldal\u00e1n. A fel\u00faj\u00edtott ingatlan a v\u00e1ros 5. sz\u00e1m\u00fa h\u00e1ziorvosi k\u00f6rzet\u00e9hez tartozik, \u00e9s a fejleszt\u00e9s sor\u00e1n a betegell\u00e1t\u00f3 hely m\u0171szaki \u00e1llapot\u00e1t korszer\u0171s\u00edtett\u00e9k.\u00a0 A polg\u00e1rmester k\u00f6zl\u00e9se szerint 2026-ban mintegy egymilli\u00e1rd forintb\u00f3l tov\u00e1bbi t\u00edz orvosi rendel\u0151 korszer\u0171s\u00edt\u00e9se [&hellip;]<\/p>\n","protected":false},"author":17,"featured_media":12287,"comment_status":"closed","ping_status":"closed","sticky":false,"template":"","format":"standard","meta":[],"categories":[3],"tags":[],"acf":[],"yoast_head":"<!-- This site is optimized with the Yoast SEO plugin v19.8 - https:\/\/yoast.com\/wordpress\/plugins\/seo\/ -->\n<title>\u00dajabb orvosi rendel\u0151 \u00fajult meg Kaposv\u00e1ron, 1 milli\u00e1rdb\u00f3l folytat\u00f3dik a korszer\u0171s\u00edt\u00e9s - Kaposv\u00e1r Megyei Jog\u00fa V\u00e1ros<\/title>\n<meta name=\"robots\" content=\"index, follow, max-snippet:-1, max-image-preview:large, max-video-preview:-1\" \/>\n<link rel=\"canonical\" href=\"https:\/\/otthon.kaposvar.hu\/hu\/hirek\/ujabb-orvosi-rendelo-ujult-meg-kaposvaron-1-milliardbol-folytatodik-a-korszerusites\/\" \/>\n<meta property=\"og:locale\" content=\"hu_HU\" \/>\n<meta property=\"og:type\" content=\"article\" \/>\n<meta property=\"og:title\" content=\"\u00dajabb orvosi rendel\u0151 \u00fajult meg Kaposv\u00e1ron, 1 milli\u00e1rdb\u00f3l folytat\u00f3dik a korszer\u0171s\u00edt\u00e9s - Kaposv\u00e1r Megyei Jog\u00fa V\u00e1ros\" \/>\n<meta property=\"og:description\" content=\"Elk\u00e9sz\u00fclt a Honv\u00e9d utcai betegell\u00e1t\u00f3hely fel\u00faj\u00edt\u00e1sa a v\u00e1rosban zajl\u00f3 orvosi rendel\u0151-korszer\u0171s\u00edt\u00e9si program r\u00e9szek\u00e9nt. A munk\u00e1latokr\u00f3l Szita K\u00e1roly polg\u00e1rmester adott t\u00e1j\u00e9koztat\u00e1st k\u00f6z\u00f6ss\u00e9gi oldal\u00e1n. A fel\u00faj\u00edtott ingatlan a v\u00e1ros 5. sz\u00e1m\u00fa h\u00e1ziorvosi k\u00f6rzet\u00e9hez tartozik, \u00e9s a fejleszt\u00e9s sor\u00e1n a betegell\u00e1t\u00f3 hely m\u0171szaki \u00e1llapot\u00e1t korszer\u0171s\u00edtett\u00e9k.\u00a0 A polg\u00e1rmester k\u00f6zl\u00e9se szerint 2026-ban mintegy egymilli\u00e1rd forintb\u00f3l tov\u00e1bbi t\u00edz orvosi rendel\u0151 korszer\u0171s\u00edt\u00e9se [&hellip;]\" \/>\n<meta property=\"og:url\" content=\"https:\/\/otthon.kaposvar.hu\/hu\/hirek\/ujabb-orvosi-rendelo-ujult-meg-kaposvaron-1-milliardbol-folytatodik-a-korszerusites\/\" \/>\n<meta property=\"og:site_name\" content=\"Kaposv\u00e1r Megyei Jog\u00fa V\u00e1ros\" \/>\n<meta property=\"article:publisher\" content=\"https:\/\/www.facebook.com\/cityofkaposvar\/\" \/>\n<meta property=\"article:published_time\" content=\"2026-01-20T07:45:24+00:00\" \/>\n<meta property=\"article:modified_time\" content=\"2026-01-20T07:46:34+00:00\" \/>\n<meta property=\"og:image\" content=\"https:\/\/otthon.kaposvar.hu\/wp-content\/uploads\/2026\/01\/2-scaled.jpg\" \/>\n\t<meta property=\"og:image:width\" content=\"2560\" \/>\n\t<meta property=\"og:image:height\" content=\"1707\" \/>\n\t<meta property=\"og:image:type\" content=\"image\/jpeg\" \/>\n<meta name=\"author\" content=\"kaposvarsajto\" \/>\n<meta name=\"twitter:card\" content=\"summary_large_image\" \/>\n<meta name=\"twitter:label1\" content=\"Szerz\u0151:\" \/>\n\t<meta name=\"twitter:data1\" content=\"kaposvarsajto\" \/>\n\t<meta name=\"twitter:label2\" content=\"Becs\u00fclt olvas\u00e1si id\u0151\" \/>\n\t<meta name=\"twitter:data2\" content=\"1 perc\" \/>\n<script type=\"application\/ld+json\" class=\"yoast-schema-graph\">{\"@context\":\"https:\/\/schema.org\",\"@graph\":[{\"@type\":\"Article\",\"@id\":\"https:\/\/otthon.kaposvar.hu\/hirek\/ujabb-orvosi-rendelo-ujult-meg-kaposvaron-1-milliardbol-folytatodik-a-korszerusites\/#article\",\"isPartOf\":{\"@id\":\"https:\/\/otthon.kaposvar.hu\/hirek\/ujabb-orvosi-rendelo-ujult-meg-kaposvaron-1-milliardbol-folytatodik-a-korszerusites\/\"},\"author\":{\"name\":\"kaposvarsajto\",\"@id\":\"https:\/\/otthon.kaposvar.hu\/hu\/#\/schema\/person\/cca27180656f8017557a44cdd66a6abd\"},\"headline\":\"\u00dajabb orvosi rendel\u0151 \u00fajult meg Kaposv\u00e1ron, 1 milli\u00e1rdb\u00f3l folytat\u00f3dik a korszer\u0171s\u00edt\u00e9s\",\"datePublished\":\"2026-01-20T07:45:24+00:00\",\"dateModified\":\"2026-01-20T07:46:34+00:00\",\"mainEntityOfPage\":{\"@id\":\"https:\/\/otthon.kaposvar.hu\/hirek\/ujabb-orvosi-rendelo-ujult-meg-kaposvaron-1-milliardbol-folytatodik-a-korszerusites\/\"},\"wordCount\":195,\"publisher\":{\"@id\":\"https:\/\/otthon.kaposvar.hu\/hu\/#organization\"},\"articleSection\":[\"H\u00edrek\"],\"inLanguage\":\"hu\"},{\"@type\":\"WebPage\",\"@id\":\"https:\/\/otthon.kaposvar.hu\/hu\/hirek\/ujabb-orvosi-rendelo-ujult-meg-kaposvaron-1-milliardbol-folytatodik-a-korszerusites\/\",\"url\":\"https:\/\/otthon.kaposvar.hu\/hu\/hirek\/ujabb-orvosi-rendelo-ujult-meg-kaposvaron-1-milliardbol-folytatodik-a-korszerusites\/\",\"name\":\"\u00dajabb orvosi rendel\u0151 \u00fajult meg Kaposv\u00e1ron, 1 milli\u00e1rdb\u00f3l folytat\u00f3dik a korszer\u0171s\u00edt\u00e9s - Kaposv\u00e1r Megyei Jog\u00fa V\u00e1ros\",\"isPartOf\":{\"@id\":\"https:\/\/otthon.kaposvar.hu\/hu\/#website\"},\"datePublished\":\"2026-01-20T07:45:24+00:00\",\"dateModified\":\"2026-01-20T07:46:34+00:00\",\"breadcrumb\":{\"@id\":\"https:\/\/otthon.kaposvar.hu\/hu\/hirek\/ujabb-orvosi-rendelo-ujult-meg-kaposvaron-1-milliardbol-folytatodik-a-korszerusites\/#breadcrumb\"},\"inLanguage\":\"hu\",\"potentialAction\":[{\"@type\":\"ReadAction\",\"target\":[[\"https:\/\/otthon.kaposvar.hu\/hu\/hirek\/ujabb-orvosi-rendelo-ujult-meg-kaposvaron-1-milliardbol-folytatodik-a-korszerusites\/\"]]}]},{\"@type\":\"BreadcrumbList\",\"@id\":\"https:\/\/otthon.kaposvar.hu\/hu\/hirek\/ujabb-orvosi-rendelo-ujult-meg-kaposvaron-1-milliardbol-folytatodik-a-korszerusites\/#breadcrumb\",\"itemListElement\":[{\"@type\":\"ListItem\",\"position\":1,\"name\":\"Home\",\"item\":\"https:\/\/otthon.kaposvar.hu\/hu\/\"},{\"@type\":\"ListItem\",\"position\":2,\"name\":\"\u00dajabb orvosi rendel\u0151 \u00fajult meg Kaposv\u00e1ron, 1 milli\u00e1rdb\u00f3l folytat\u00f3dik a korszer\u0171s\u00edt\u00e9s\"}]},{\"@type\":\"WebSite\",\"@id\":\"https:\/\/otthon.kaposvar.hu\/hu\/#website\",\"url\":\"https:\/\/otthon.kaposvar.hu\/hu\/\",\"name\":\"Kaposv\u00e1r Megyei Jog\u00fa V\u00e1ros\",\"description\":\"\",\"publisher\":{\"@id\":\"https:\/\/otthon.kaposvar.hu\/hu\/#organization\"},\"potentialAction\":[{\"@type\":\"SearchAction\",\"target\":{\"@type\":\"EntryPoint\",\"urlTemplate\":\"https:\/\/otthon.kaposvar.hu\/hu\/?s={search_term_string}\"},\"query-input\":\"required name=search_term_string\"}],\"inLanguage\":\"hu\"},{\"@type\":\"Organization\",\"@id\":\"https:\/\/otthon.kaposvar.hu\/hu\/#organization\",\"name\":\"Kaposv\u00e1r Megyei Jog\u00fa V\u00e1ros\",\"url\":\"https:\/\/otthon.kaposvar.hu\/hu\/\",\"sameAs\":[\"https:\/\/www.instagram.com\/cityofkaposvar\/\",\"https:\/\/www.facebook.com\/cityofkaposvar\/\"],\"logo\":{\"@type\":\"ImageObject\",\"inLanguage\":\"hu\",\"@id\":\"https:\/\/otthon.kaposvar.hu\/hu\/#\/schema\/logo\/image\/\",\"url\":\"https:\/\/otthon.kaposvar.hu\/wp-content\/uploads\/2021\/10\/kaposvar_social.jpg\",\"contentUrl\":\"https:\/\/otthon.kaposvar.hu\/wp-content\/uploads\/2021\/10\/kaposvar_social.jpg\",\"width\":1200,\"height\":900,\"caption\":\"Kaposv\u00e1r Megyei Jog\u00fa V\u00e1ros\"},\"image\":{\"@id\":\"https:\/\/otthon.kaposvar.hu\/hu\/#\/schema\/logo\/image\/\"}},{\"@type\":\"Person\",\"@id\":\"https:\/\/otthon.kaposvar.hu\/hu\/#\/schema\/person\/cca27180656f8017557a44cdd66a6abd\",\"name\":\"kaposvarsajto\",\"image\":{\"@type\":\"ImageObject\",\"inLanguage\":\"hu\",\"@id\":\"https:\/\/otthon.kaposvar.hu\/hu\/#\/schema\/person\/image\/\",\"url\":\"https:\/\/secure.gravatar.com\/avatar\/e1f53300c4f0fc7bbcf58af47dd14808?s=96&d=mm&r=g\",\"contentUrl\":\"https:\/\/secure.gravatar.com\/avatar\/e1f53300c4f0fc7bbcf58af47dd14808?s=96&d=mm&r=g\",\"caption\":\"kaposvarsajto\"}}]}<\/script>\n<!-- \/ Yoast SEO plugin. -->","yoast_head_json":{"title":"\u00dajabb orvosi rendel\u0151 \u00fajult meg Kaposv\u00e1ron, 1 milli\u00e1rdb\u00f3l folytat\u00f3dik a korszer\u0171s\u00edt\u00e9s - Kaposv\u00e1r Megyei Jog\u00fa V\u00e1ros","robots":{"index":"index","follow":"follow","max-snippet":"max-snippet:-1","max-image-preview":"max-image-preview:large","max-video-preview":"max-video-preview:-1"},"canonical":"https:\/\/otthon.kaposvar.hu\/hu\/hirek\/ujabb-orvosi-rendelo-ujult-meg-kaposvaron-1-milliardbol-folytatodik-a-korszerusites\/","og_locale":"hu_HU","og_type":"article","og_title":"\u00dajabb orvosi rendel\u0151 \u00fajult meg Kaposv\u00e1ron, 1 milli\u00e1rdb\u00f3l folytat\u00f3dik a korszer\u0171s\u00edt\u00e9s - Kaposv\u00e1r Megyei Jog\u00fa V\u00e1ros","og_description":"Elk\u00e9sz\u00fclt a Honv\u00e9d utcai betegell\u00e1t\u00f3hely fel\u00faj\u00edt\u00e1sa a v\u00e1rosban zajl\u00f3 orvosi rendel\u0151-korszer\u0171s\u00edt\u00e9si program r\u00e9szek\u00e9nt. A munk\u00e1latokr\u00f3l Szita K\u00e1roly polg\u00e1rmester adott t\u00e1j\u00e9koztat\u00e1st k\u00f6z\u00f6ss\u00e9gi oldal\u00e1n. A fel\u00faj\u00edtott ingatlan a v\u00e1ros 5. sz\u00e1m\u00fa h\u00e1ziorvosi k\u00f6rzet\u00e9hez tartozik, \u00e9s a fejleszt\u00e9s sor\u00e1n a betegell\u00e1t\u00f3 hely m\u0171szaki \u00e1llapot\u00e1t korszer\u0171s\u00edtett\u00e9k.\u00a0 A polg\u00e1rmester k\u00f6zl\u00e9se szerint 2026-ban mintegy egymilli\u00e1rd forintb\u00f3l tov\u00e1bbi t\u00edz orvosi rendel\u0151 korszer\u0171s\u00edt\u00e9se [&hellip;]","og_url":"https:\/\/otthon.kaposvar.hu\/hu\/hirek\/ujabb-orvosi-rendelo-ujult-meg-kaposvaron-1-milliardbol-folytatodik-a-korszerusites\/","og_site_name":"Kaposv\u00e1r Megyei Jog\u00fa V\u00e1ros","article_publisher":"https:\/\/www.facebook.com\/cityofkaposvar\/","article_published_time":"2026-01-20T07:45:24+00:00","article_modified_time":"2026-01-20T07:46:34+00:00","og_image":[{"width":2560,"height":1707,"url":"https:\/\/otthon.kaposvar.hu\/wp-content\/uploads\/2026\/01\/2-scaled.jpg","type":"image\/jpeg"}],"author":"kaposvarsajto","twitter_card":"summary_large_image","twitter_misc":{"Szerz\u0151:":"kaposvarsajto","Becs\u00fclt olvas\u00e1si id\u0151":"1 perc"},"schema":{"@context":"https:\/\/schema.org","@graph":[{"@type":"Article","@id":"https:\/\/otthon.kaposvar.hu\/hirek\/ujabb-orvosi-rendelo-ujult-meg-kaposvaron-1-milliardbol-folytatodik-a-korszerusites\/#article","isPartOf":{"@id":"https:\/\/otthon.kaposvar.hu\/hirek\/ujabb-orvosi-rendelo-ujult-meg-kaposvaron-1-milliardbol-folytatodik-a-korszerusites\/"},"author":{"name":"kaposvarsajto","@id":"https:\/\/otthon.kaposvar.hu\/hu\/#\/schema\/person\/cca27180656f8017557a44cdd66a6abd"},"headline":"\u00dajabb orvosi rendel\u0151 \u00fajult meg Kaposv\u00e1ron, 1 milli\u00e1rdb\u00f3l folytat\u00f3dik a korszer\u0171s\u00edt\u00e9s","datePublished":"2026-01-20T07:45:24+00:00","dateModified":"2026-01-20T07:46:34+00:00","mainEntityOfPage":{"@id":"https:\/\/otthon.kaposvar.hu\/hirek\/ujabb-orvosi-rendelo-ujult-meg-kaposvaron-1-milliardbol-folytatodik-a-korszerusites\/"},"wordCount":195,"publisher":{"@id":"https:\/\/otthon.kaposvar.hu\/hu\/#organization"},"articleSection":["H\u00edrek"],"inLanguage":"hu"},{"@type":"WebPage","@id":"https:\/\/otthon.kaposvar.hu\/hu\/hirek\/ujabb-orvosi-rendelo-ujult-meg-kaposvaron-1-milliardbol-folytatodik-a-korszerusites\/","url":"https:\/\/otthon.kaposvar.hu\/hu\/hirek\/ujabb-orvosi-rendelo-ujult-meg-kaposvaron-1-milliardbol-folytatodik-a-korszerusites\/","name":"\u00dajabb orvosi rendel\u0151 \u00fajult meg Kaposv\u00e1ron, 1 milli\u00e1rdb\u00f3l folytat\u00f3dik a korszer\u0171s\u00edt\u00e9s - Kaposv\u00e1r Megyei Jog\u00fa V\u00e1ros","isPartOf":{"@id":"https:\/\/otthon.kaposvar.hu\/hu\/#website"},"datePublished":"2026-01-20T07:45:24+00:00","dateModified":"2026-01-20T07:46:34+00:00","breadcrumb":{"@id":"https:\/\/otthon.kaposvar.hu\/hu\/hirek\/ujabb-orvosi-rendelo-ujult-meg-kaposvaron-1-milliardbol-folytatodik-a-korszerusites\/#breadcrumb"},"inLanguage":"hu","potentialAction":[{"@type":"ReadAction","target":[["https:\/\/otthon.kaposvar.hu\/hu\/hirek\/ujabb-orvosi-rendelo-ujult-meg-kaposvaron-1-milliardbol-folytatodik-a-korszerusites\/"]]}]},{"@type":"BreadcrumbList","@id":"https:\/\/otthon.kaposvar.hu\/hu\/hirek\/ujabb-orvosi-rendelo-ujult-meg-kaposvaron-1-milliardbol-folytatodik-a-korszerusites\/#breadcrumb","itemListElement":[{"@type":"ListItem","position":1,"name":"Home","item":"https:\/\/otthon.kaposvar.hu\/hu\/"},{"@type":"ListItem","position":2,"name":"\u00dajabb orvosi rendel\u0151 \u00fajult meg Kaposv\u00e1ron, 1 milli\u00e1rdb\u00f3l folytat\u00f3dik a korszer\u0171s\u00edt\u00e9s"}]},{"@type":"WebSite","@id":"https:\/\/otthon.kaposvar.hu\/hu\/#website","url":"https:\/\/otthon.kaposvar.hu\/hu\/","name":"Kaposv\u00e1r Megyei Jog\u00fa V\u00e1ros","description":"","publisher":{"@id":"https:\/\/otthon.kaposvar.hu\/hu\/#organization"},"potentialAction":[{"@type":"SearchAction","target":{"@type":"EntryPoint","urlTemplate":"https:\/\/otthon.kaposvar.hu\/hu\/?s={search_term_string}"},"query-input":"required name=search_term_string"}],"inLanguage":"hu"},{"@type":"Organization","@id":"https:\/\/otthon.kaposvar.hu\/hu\/#organization","name":"Kaposv\u00e1r Megyei Jog\u00fa V\u00e1ros","url":"https:\/\/otthon.kaposvar.hu\/hu\/","sameAs":["https:\/\/www.instagram.com\/cityofkaposvar\/","https:\/\/www.facebook.com\/cityofkaposvar\/"],"logo":{"@type":"ImageObject","inLanguage":"hu","@id":"https:\/\/otthon.kaposvar.hu\/hu\/#\/schema\/logo\/image\/","url":"https:\/\/otthon.kaposvar.hu\/wp-content\/uploads\/2021\/10\/kaposvar_social.jpg","contentUrl":"https:\/\/otthon.kaposvar.hu\/wp-content\/uploads\/2021\/10\/kaposvar_social.jpg","width":1200,"height":900,"caption":"Kaposv\u00e1r Megyei Jog\u00fa V\u00e1ros"},"image":{"@id":"https:\/\/otthon.kaposvar.hu\/hu\/#\/schema\/logo\/image\/"}},{"@type":"Person","@id":"https:\/\/otthon.kaposvar.hu\/hu\/#\/schema\/person\/cca27180656f8017557a44cdd66a6abd","name":"kaposvarsajto","image":{"@type":"ImageObject","inLanguage":"hu","@id":"https:\/\/otthon.kaposvar.hu\/hu\/#\/schema\/person\/image\/","url":"https:\/\/secure.gravatar.com\/avatar\/e1f53300c4f0fc7bbcf58af47dd14808?s=96&d=mm&r=g","contentUrl":"https:\/\/secure.gravatar.com\/avatar\/e1f53300c4f0fc7bbcf58af47dd14808?s=96&d=mm&r=g","caption":"kaposvarsajto"}}]}},"_links":{"self":[{"href":"https:\/\/otthon.kaposvar.hu\/hu\/wp-json\/wp\/v2\/posts\/12286"}],"collection":[{"href":"https:\/\/otthon.kaposvar.hu\/hu\/wp-json\/wp\/v2\/posts"}],"about":[{"href":"https:\/\/otthon.kaposvar.hu\/hu\/wp-json\/wp\/v2\/types\/post"}],"author":[{"embeddable":true,"href":"https:\/\/otthon.kaposvar.hu\/hu\/wp-json\/wp\/v2\/users\/17"}],"replies":[{"embeddable":true,"href":"https:\/\/otthon.kaposvar.hu\/hu\/wp-json\/wp\/v2\/comments?post=12286"}],"version-history":[{"count":0,"href":"https:\/\/otthon.kaposvar.hu\/hu\/wp-json\/wp\/v2\/posts\/12286\/revisions"}],"wp:featuredmedia":[{"embeddable":true,"href":"https:\/\/otthon.kaposvar.hu\/hu\/wp-json\/wp\/v2\/media\/12287"}],"wp:attachment":[{"href":"https:\/\/otthon.kaposvar.hu\/hu\/wp-json\/wp\/v2\/media?parent=12286"}],"wp:term":[{"taxonomy":"category","embeddable":true,"href":"https:\/\/otthon.kaposvar.hu\/hu\/wp-json\/wp\/v2\/categories?post=12286"},{"taxonomy":"post_tag","embeddable":true,"href":"https:\/\/otthon.kaposvar.hu\/hu\/wp-json\/wp\/v2\/tags?post=12286"}],"curies":[{"name":"wp","href":"https:\/\/api.w.org\/{rel}","templated":true}]}}